{"id":5042,"date":"2013-12-10T13:48:01","date_gmt":"2013-12-10T16:48:01","guid":{"rendered":"http:\/\/cordobatimes.com\/showup\/?p=5042"},"modified":"2019-12-01T19:28:13","modified_gmt":"2019-12-01T22:28:13","slug":"famoso-futbolista-espera-a-su-tercer-hijo","status":"publish","type":"post","link":"https:\/\/www.cordobatimes.com\/showup\/famosos\/2013\/12\/10\/famoso-futbolista-espera-a-su-tercer-hijo\/","title":{"rendered":"Famoso futbolista espera a su tercer  hijo"},"content":{"rendered":"<h3><b>Carlitos Tevez public\u00f3 en su cuenta oficial de twitter la felicidad que vive con la futura llegada de su tercer hijo junto a su novia Vanessa.\u00bfSer\u00e1 var\u00f3n?<\/b><\/h3>\n<p>En la foto es posible ver las manos de su mujer, sus dos hijas y las de \u00e9l.<\/p>\n<p>Tevez comparti\u00f3 la foto y agreg\u00f3: \u00abC\u00f3mo pega patada el heredero!!! lo estamos esperando jaja\u00bb<\/p>\n<p><a href=\"http:\/\/cordobatimes.com\/showup\/wp-content\/uploads\/2013\/12\/tevezzzz.jpg\"><img loading=\"lazy\" decoding=\"async\" class=\"alignnone size-full wp-image-5058\" src=\"http:\/\/cordobatimes.com\/showup\/wp-content\/uploads\/2013\/12\/tevezzzz.jpg\" alt=\"tevezzzz\" width=\"616\" height=\"569\" data-id=\"5058\" srcset=\"https:\/\/www.cordobatimes.com\/showup\/wp-content\/uploads\/2013\/12\/tevezzzz.jpg 616w, https:\/\/www.cordobatimes.com\/showup\/wp-content\/uploads\/2013\/12\/tevezzzz-300x277.jpg 300w\" sizes=\"auto, (max-width: 616px) 100vw, 616px\" \/><\/a><\/p>\n","protected":false},"excerpt":{"rendered":"<p>Carlitos Tevez public\u00f3 en su cuenta oficial de twitter la felicidad que vive con la futura llegada de su tercer hijo junto a su novia Vanessa.\u00bfSer\u00e1 var\u00f3n? En la foto es posible ver las manos de su mujer, sus dos hijas y las de \u00e9l. Tevez comparti\u00f3 la foto y agreg\u00f3: \u00abC\u00f3mo pega patada el [&hellip;]<\/p>\n","protected":false},"author":9,"featured_media":5050,"comment_status":"closed","ping_status":"closed","sticky":false,"template":"","format":"standard","meta":{"_seopress_robots_primary_cat":"","_seopress_titles_title":"","_seopress_titles_desc":"","_seopress_robots_index":"","footnotes":""},"categories":[4],"tags":[26479,25121,26480],"class_list":{"0":"post-5042","1":"post","2":"type-post","3":"status-publish","4":"format-standard","5":"has-post-thumbnail","7":"category-famosos","8":"tag-familia-de-carlitos-tevez","9":"tag-hijos-de-carlos-tevez","10":"tag-tercer-hijo-de-carlitos-tevez"},"_links":{"self":[{"href":"https:\/\/www.cordobatimes.com\/showup\/wp-json\/wp\/v2\/posts\/5042","targetHints":{"allow":["GET"]}}],"collection":[{"href":"https:\/\/www.cordobatimes.com\/showup\/wp-json\/wp\/v2\/posts"}],"about":[{"href":"https:\/\/www.cordobatimes.com\/showup\/wp-json\/wp\/v2\/types\/post"}],"author":[{"embeddable":true,"href":"https:\/\/www.cordobatimes.com\/showup\/wp-json\/wp\/v2\/users\/9"}],"replies":[{"embeddable":true,"href":"https:\/\/www.cordobatimes.com\/showup\/wp-json\/wp\/v2\/comments?post=5042"}],"version-history":[{"count":0,"href":"https:\/\/www.cordobatimes.com\/showup\/wp-json\/wp\/v2\/posts\/5042\/revisions"}],"wp:featuredmedia":[{"embeddable":true,"href":"https:\/\/www.cordobatimes.com\/showup\/wp-json\/wp\/v2\/media\/5050"}],"wp:attachment":[{"href":"https:\/\/www.cordobatimes.com\/showup\/wp-json\/wp\/v2\/media?parent=5042"}],"wp:term":[{"taxonomy":"category","embeddable":true,"href":"https:\/\/www.cordobatimes.com\/showup\/wp-json\/wp\/v2\/categories?post=5042"},{"taxonomy":"post_tag","embeddable":true,"href":"https:\/\/www.cordobatimes.com\/showup\/wp-json\/wp\/v2\/tags?post=5042"}],"curies":[{"name":"wp","href":"https:\/\/api.w.org\/{rel}","templated":true}]}}