{"id":50381,"date":"2017-02-22T11:12:30","date_gmt":"2017-02-22T14:12:30","guid":{"rendered":"http:\/\/cordobatimes.com\/showup\/?p=50381"},"modified":"2020-05-10T09:56:47","modified_gmt":"2020-05-10T12:56:47","slug":"radical-cambio-de-look-de-lali-esposito-sera-una-peluca","status":"publish","type":"post","link":"https:\/\/www.cordobatimes.com\/showup\/famosos\/2017\/02\/22\/radical-cambio-de-look-de-lali-esposito-sera-una-peluca\/","title":{"rendered":"Radical cambio de look de Lali Esp\u00f3sito \u00bfser\u00e1 una peluca?"},"content":{"rendered":"<h3><strong>La cantante se encuentra en Chile para formar parte del jurado del Festival de Vi\u00f1a del Mar y subi\u00f3 una foto y un video que dej\u00f3 a todos sus seguidores boquiabiertos.<\/strong><\/h3>\n<p>La agenda de Lali Esp\u00f3sito, como siempre, est\u00e1 muy ocupada. En esta ocasi\u00f3n, la cantante viaj\u00f3 a Chile para formar parte del jurado del Festival de Vi\u00f1a del Mar, que comenz\u00f3 el lunes pasado. Ya en la presentaci\u00f3n del evento, se llev\u00f3 todas las miradas y los flashes de las c\u00e1maras por su sensual look.<\/p>\n<p>En la segunda jornada del festival se mostr\u00f3 muy sexy nuevamente, por supuesto. Pero en esta oportunidad lo que llam\u00f3 la atenci\u00f3n fue su radical cambio de look. \u00bfO ser\u00e1 una peluca?<\/p>\n<p>La morocha se mostr\u00f3 con un corte estilo carr\u00e9, por encima de los hombros. Subi\u00f3 una foto y un video con su nuevo look, acompa\u00f1ado por un vestido rojo que dejaba su espalda al descubierto\u00a0que dej\u00f3 a todos sus seguidores boquiabiertos.<\/p>\n<p><img loading=\"lazy\" decoding=\"async\" class=\"alignnone size-full wp-image-50382\" src=\"http:\/\/cordobatimes.com\/showup\/wp-content\/uploads\/2017\/02\/lali33.jpg\" alt=\"lali3\" width=\"600\" height=\"754\" srcset=\"https:\/\/www.cordobatimes.com\/showup\/wp-content\/uploads\/2017\/02\/lali33.jpg 600w, https:\/\/www.cordobatimes.com\/showup\/wp-content\/uploads\/2017\/02\/lali33-239x300.jpg 239w, https:\/\/www.cordobatimes.com\/showup\/wp-content\/uploads\/2017\/02\/lali33-517x650.jpg 517w\" sizes=\"auto, (max-width: 600px) 100vw, 600px\" \/><\/p>\n<blockquote class=\"instagram-media\" style=\"background: #FFF; border: 0; border-radius: 3px; box-shadow: 0 0 1px 0 rgba(0,0,0,0.5),0 1px 10px 0 rgba(0,0,0,0.15); margin: 1px; max-width: 658px; padding: 0; width: calc(100% - 2px);\" data-instgrm-captioned=\"\" data-instgrm-version=\"7\">\n<div style=\"padding: 8px;\">\n<div style=\"background: #F8F8F8; line-height: 0; margin-top: 40px; padding: 62.33660130718954% 0; text-align: center; width: 100%;\">\n<div style=\"background: url(data:image\/png; base64,ivborw0kggoaaaansuheugaaacwaaaascamaaaapwqozaaaabgdbtueaalgpc\/xhbqaaaafzukdcak7ohokaaaamuexurczmzpf399fx1+bm5mzy9amaaadisurbvdjlvzxbesmgces5\/p8\/t9furvcrmu73jwlzosgsiizurcjo\/ad+eqjjb4hv8bft+idpqocx1wjosbfhh2xssxeiyn3uli\/6mnree07uiwjev8ueowds88ly97kqytlijkktuybbruayvh5wohixmpi5we58ek028czwyuqdlkpg1bkb4nnm+veanfhqn1k4+gpt6ugqcvu2h2ovuif\/gwufyy8owepdyzsa3avcqpvovvzzz2vtnn2wu8qzvjddeto90gsy9mvlqtgysy231mxry6i2ggqjrty0l8fxcxfcbbhwrsyyaaaaaelftksuqmcc); display: block; height: 44px; margin: 0 auto -44px; position: relative; top: -22px; width: 44px;\"><\/div>\n<\/div>\n<p style=\"margin: 8px 0 0 0; padding: 0 4px;\"><a style=\"color: #000; font-family: Arial,sans-serif; font-size: 14px; font-style: normal; font-weight: normal; line-height: 17px; text-decoration: none; word-wrap: break-word;\" href=\"https:\/\/www.instagram.com\/p\/BQy1OyOh5Hn\/\" target=\"_blank\" rel=\"noopener noreferrer\">Noche romantica en #Vi\u00f1a2017 #Back #Jurado #SOY<\/a><\/p>\n<p style=\"color: #c9c8cd; font-family: Arial,sans-serif; font-size: 14px; line-height: 17px; margin-bottom: 0; margin-top: 8px; overflow: hidden; padding: 8px 0 7px; text-align: center; text-overflow: ellipsis; white-space: nowrap;\">Una publicaci\u00f3n compartida de Lali (@laliespositoo) el <time style=\"font-family: Arial,sans-serif; font-size: 14px; line-height: 17px;\" datetime=\"2017-02-22T00:45:43+00:00\">21 de Feb de 2017 a la(s) 4:45 PST<\/time><\/p>\n<\/div>\n<\/blockquote>\n<p><script async defer src=\"\/\/platform.instagram.com\/en_US\/embeds.js\"><\/script><\/p>\n<p>No hay palabras\u00bb, escribi\u00f3 uno de sus seguidores en Instagram. \u00abTe am\u00e9, sos incre\u00edblemente perfecta\u00bb, indic\u00f3 otro. Aunque no todos la apoyaron en su decisi\u00f3n. \u00abQue sea peluca, por favor, La\u00bb, le pidi\u00f3 un usuario.<\/p>\n","protected":false},"excerpt":{"rendered":"<p>La cantante se encuentra en Chile para formar parte del jurado del Festival de Vi\u00f1a del Mar y subi\u00f3 una foto y un video que dej\u00f3 a todos sus seguidores boquiabiertos. La agenda de Lali Esp\u00f3sito, como siempre, est\u00e1 muy ocupada. En esta ocasi\u00f3n, la cantante viaj\u00f3 a Chile para formar parte del jurado del [&hellip;]<\/p>\n","protected":false},"author":1,"featured_media":50382,"comment_status":"closed","ping_status":"closed","sticky":false,"template":"","format":"standard","meta":{"_seopress_robots_primary_cat":"","_seopress_titles_title":"","_seopress_titles_desc":"","_seopress_robots_index":"","footnotes":""},"categories":[4],"tags":[19737,31304],"class_list":{"0":"post-50381","1":"post","2":"type-post","3":"status-publish","4":"format-standard","5":"has-post-thumbnail","7":"category-famosos","8":"tag-cambio-de-look-de-lali-esposito","9":"tag-lali-esposito-jurado-del-festival-de-vina-del-mar"},"_links":{"self":[{"href":"https:\/\/www.cordobatimes.com\/showup\/wp-json\/wp\/v2\/posts\/50381","targetHints":{"allow":["GET"]}}],"collection":[{"href":"https:\/\/www.cordobatimes.com\/showup\/wp-json\/wp\/v2\/posts"}],"about":[{"href":"https:\/\/www.cordobatimes.com\/showup\/wp-json\/wp\/v2\/types\/post"}],"author":[{"embeddable":true,"href":"https:\/\/www.cordobatimes.com\/showup\/wp-json\/wp\/v2\/users\/1"}],"replies":[{"embeddable":true,"href":"https:\/\/www.cordobatimes.com\/showup\/wp-json\/wp\/v2\/comments?post=50381"}],"version-history":[{"count":0,"href":"https:\/\/www.cordobatimes.com\/showup\/wp-json\/wp\/v2\/posts\/50381\/revisions"}],"wp:featuredmedia":[{"embeddable":true,"href":"https:\/\/www.cordobatimes.com\/showup\/wp-json\/wp\/v2\/media\/50382"}],"wp:attachment":[{"href":"https:\/\/www.cordobatimes.com\/showup\/wp-json\/wp\/v2\/media?parent=50381"}],"wp:term":[{"taxonomy":"category","embeddable":true,"href":"https:\/\/www.cordobatimes.com\/showup\/wp-json\/wp\/v2\/categories?post=50381"},{"taxonomy":"post_tag","embeddable":true,"href":"https:\/\/www.cordobatimes.com\/showup\/wp-json\/wp\/v2\/tags?post=50381"}],"curies":[{"name":"wp","href":"https:\/\/api.w.org\/{rel}","templated":true}]}}