{"id":50291,"date":"2017-02-20T10:55:17","date_gmt":"2017-02-20T13:55:17","guid":{"rendered":"http:\/\/cordobatimes.com\/showup\/?p=50291"},"modified":"2020-05-10T10:51:22","modified_gmt":"2020-05-10T13:51:22","slug":"lali-esposito-mostro-toda-su-sensualidad-en-vina-del-mar","status":"publish","type":"post","link":"https:\/\/www.cordobatimes.com\/showup\/famosos\/2017\/02\/20\/lali-esposito-mostro-toda-su-sensualidad-en-vina-del-mar\/","title":{"rendered":"Lali Esp\u00f3sito Mostr\u00f3 toda su sensualidad en Vi\u00f1a del Mar"},"content":{"rendered":"<h3><strong>La cantante y actriz est\u00e1 participando del tradicional festival chileno.<\/strong><\/h3>\n<div class=\"row\">\n<div class=\" col-md-offset-1 col-md-10 col-xs-12 col-print-12\">\n<p class=\"element element-paragraph\">Lali Esp\u00f3sito ha logrado tener \u00e9xito no solo en la Argentina, sino tambi\u00e9n en el exterior. El a\u00f1o pasado, realiz\u00f3 una gira por diversos pa\u00edses. Ahora, la cantante y actriz se encuentra en Chile, participando del Festival de Vi\u00f1a del Mar.<\/p>\n<div class=\"row\">\n<div class=\" col-md-offset-1 col-md-10 col-xs-12 col-print-12\">\n<p class=\"element element-paragraph\">La int\u00e9rprete de <em>Soy<\/em> forma parte del jurado encargado de votar en las competencias musicales que est\u00e1 integrado por diversos artistas como Maluma,\u00a0Mon Laferte,\u00a0Mario Domm y\u00a0Gast\u00f3n \u00abEl franc\u00e9s\u00bb Bernardou (de Los Aut\u00e9nticos Decadentes), entre otros.<\/p>\n<p class=\"element element-paragraph\">Lali se rob\u00f3 todas las miradas al lucir un vestido negro muy provocativo, con transparencias en la alfombra roja del tradicional festival. En Instagram, comparti\u00f3 im\u00e1genes de este look tan sexy.<\/p>\n<p class=\"element element-paragraph\"><img loading=\"lazy\" decoding=\"async\" class=\"alignnone size-full wp-image-50293\" src=\"http:\/\/cordobatimes.com\/showup\/wp-content\/uploads\/2017\/02\/lali3.jpg\" alt=\"lali3\" width=\"600\" height=\"403\" srcset=\"https:\/\/www.cordobatimes.com\/showup\/wp-content\/uploads\/2017\/02\/lali3.jpg 600w, https:\/\/www.cordobatimes.com\/showup\/wp-content\/uploads\/2017\/02\/lali3-300x202.jpg 300w\" sizes=\"auto, (max-width: 600px) 100vw, 600px\" \/><\/p>\n<p>\u00abTomo esta tarea con mucha responsabilidad, soy una artista que trabaja desde muy peque\u00f1a pero en la m\u00fasica tengo solo dos discos, as\u00ed que estar\u00e9 ah\u00ed sentada con mucho respeto a los artistas, y tambi\u00e9n a todos los otros miembros del jurado\u00bb, asegur\u00f3 la ex protagonista de Esperanza m\u00eda en una conferencia de prensa, en la que luci\u00f3 un vestido corto con un llamativo escote.<\/p>\n<p><a href=\"http:\/\/cordobatimes.com\/showup\/wp-content\/uploads\/2017\/02\/lali21.jpg\"><img loading=\"lazy\" decoding=\"async\" class=\"alignnone size-full wp-image-50294\" src=\"http:\/\/cordobatimes.com\/showup\/wp-content\/uploads\/2017\/02\/lali21.jpg\" alt=\"lali21\" width=\"600\" height=\"748\" srcset=\"https:\/\/www.cordobatimes.com\/showup\/wp-content\/uploads\/2017\/02\/lali21.jpg 600w, https:\/\/www.cordobatimes.com\/showup\/wp-content\/uploads\/2017\/02\/lali21-241x300.jpg 241w, https:\/\/www.cordobatimes.com\/showup\/wp-content\/uploads\/2017\/02\/lali21-521x650.jpg 521w\" sizes=\"auto, (max-width: 600px) 100vw, 600px\" \/><\/a><\/p>\n<p>El pr\u00f3ximo s\u00e1bado 25 de febrero, la cantante se presentar\u00e1 con un show en vivo ante miles de personas. Durante esa gala, tambi\u00e9n brindar\u00e1n un recital J. Balvin y los grupos uruguayos M\u00e1rama y Rombai.<\/p>\n<\/div>\n<\/div>\n<\/div>\n<\/div>\n","protected":false},"excerpt":{"rendered":"<p>La cantante y actriz est\u00e1 participando del tradicional festival chileno. Lali Esp\u00f3sito ha logrado tener \u00e9xito no solo en la Argentina, sino tambi\u00e9n en el exterior. El a\u00f1o pasado, realiz\u00f3 una gira por diversos pa\u00edses. Ahora, la cantante y actriz se encuentra en Chile, participando del Festival de Vi\u00f1a del Mar. La int\u00e9rprete de Soy [&hellip;]<\/p>\n","protected":false},"author":1,"featured_media":50292,"comment_status":"closed","ping_status":"closed","sticky":false,"template":"","format":"standard","meta":{"_seopress_robots_primary_cat":"","_seopress_titles_title":"","_seopress_titles_desc":"","_seopress_robots_index":"","footnotes":""},"categories":[4],"tags":[31316,31077,31315],"class_list":{"0":"post-50291","1":"post","2":"type-post","3":"status-publish","4":"format-standard","5":"has-post-thumbnail","7":"category-famosos","8":"tag-lali-esposito-en-el-festival-de-vina","9":"tag-lali-esposito-jurado-en-el-festival-de-vina-del-mar","10":"tag-looks-de-lali-esposito-en-el-festival-de-vina-festival-de-vina"},"_links":{"self":[{"href":"https:\/\/www.cordobatimes.com\/showup\/wp-json\/wp\/v2\/posts\/50291","targetHints":{"allow":["GET"]}}],"collection":[{"href":"https:\/\/www.cordobatimes.com\/showup\/wp-json\/wp\/v2\/posts"}],"about":[{"href":"https:\/\/www.cordobatimes.com\/showup\/wp-json\/wp\/v2\/types\/post"}],"author":[{"embeddable":true,"href":"https:\/\/www.cordobatimes.com\/showup\/wp-json\/wp\/v2\/users\/1"}],"replies":[{"embeddable":true,"href":"https:\/\/www.cordobatimes.com\/showup\/wp-json\/wp\/v2\/comments?post=50291"}],"version-history":[{"count":0,"href":"https:\/\/www.cordobatimes.com\/showup\/wp-json\/wp\/v2\/posts\/50291\/revisions"}],"wp:featuredmedia":[{"embeddable":true,"href":"https:\/\/www.cordobatimes.com\/showup\/wp-json\/wp\/v2\/media\/50292"}],"wp:attachment":[{"href":"https:\/\/www.cordobatimes.com\/showup\/wp-json\/wp\/v2\/media?parent=50291"}],"wp:term":[{"taxonomy":"category","embeddable":true,"href":"https:\/\/www.cordobatimes.com\/showup\/wp-json\/wp\/v2\/categories?post=50291"},{"taxonomy":"post_tag","embeddable":true,"href":"https:\/\/www.cordobatimes.com\/showup\/wp-json\/wp\/v2\/tags?post=50291"}],"curies":[{"name":"wp","href":"https:\/\/api.w.org\/{rel}","templated":true}]}}