{"id":50252,"date":"2017-02-18T11:48:37","date_gmt":"2017-02-18T14:48:37","guid":{"rendered":"http:\/\/cordobatimes.com\/showup\/?p=50252"},"modified":"2020-05-10T12:16:10","modified_gmt":"2020-05-10T15:16:10","slug":"la-poca-participacion-de-lali-esposito-en-la-gala-de-vina-molesto-a-sus-fans","status":"publish","type":"post","link":"https:\/\/www.cordobatimes.com\/showup\/famosos\/2017\/02\/18\/la-poca-participacion-de-lali-esposito-en-la-gala-de-vina-molesto-a-sus-fans\/","title":{"rendered":"La poca participaci\u00f3n de Lali Esp\u00f3sito en La Gala de Vi\u00f1a molesto a sus fans"},"content":{"rendered":"<h3><strong>Los seguidores de la idola teen \u00a0no toleraron la poca pantalla que se le dio durante la Gala de Vi\u00f1a.<\/strong><\/h3>\n<p>Los fan\u00e1ticos de la cantante Lali Esp\u00f3sito mostraron su indignaci\u00f3n contra Chilevisi\u00f3n, por la \u00a0escasa pantalla que se le dio \u00a0durante su paso por la Gala de Vi\u00f1a.<\/p>\n<p>La artista, que ser\u00e1 jurado en el certamen vi\u00f1amarino, fue una de las primeras celebridades en aparecer, tras el paso de Kel Calder\u00f3n y Pangal Andrade.<\/p>\n<div>\u00a0A trav\u00e9s de Twitter, la fanaticada de Lali dispar\u00f3 contra el canal, luego de que el animador Julio C\u00e9sar Rodr\u00edguez decidiera conversar con otros invitados.<\/div>\n<p>Eso si, estuvo presente en la \u00abmanicam\u00bb, donde entreg\u00f3 sus impresiones tras desfilar por la alfombra roja.<\/p>\n<blockquote class=\"twitter-tweet\" data-lang=\"es\">\n<p dir=\"ltr\" lang=\"es\"><a href=\"https:\/\/twitter.com\/hashtag\/LaGala?src=hash\">#LaGala<\/a><br \/>\nJC Entrevista a casi todos &#8211; a la integrante del jurado Lali, \u00bf? Ah verdad que a CHV no le interesa el festival sino la far\u00e1ndula<\/p>\n<p>\u2014 Sandra Hernandez (@sanhersep) <a href=\"https:\/\/twitter.com\/sanhersep\/status\/832770866446430209\">18 de febrero de 2017<\/a><\/p><\/blockquote>\n<p><script src=\"\/\/platform.twitter.com\/widgets.js\" async=\"\" charset=\"utf-8\"><\/script><\/p>\n<blockquote class=\"twitter-tweet\" data-lang=\"es\"><p>Que alguien me explique el porque no entrevistaron a Lali <a href=\"https:\/\/twitter.com\/hashtag\/PartyChilensisFtLaGala?src=hash\">#PartyChilensisFtLaGala<\/a> <a href=\"https:\/\/twitter.com\/hashtag\/LaGala?src=hash\">#LaGala<\/a><\/p>\n<p>\u2014 Jerrie (@Monitaidola) <a href=\"https:\/\/twitter.com\/Monitaidola\/status\/832770860750606336\">18 de febrero de 2017<\/a><\/p><\/blockquote>\n<p><script src=\"\/\/platform.twitter.com\/widgets.js\" async=\"\" charset=\"utf-8\"><\/script><\/p>\n<blockquote class=\"twitter-tweet\" data-lang=\"es\">\n<p dir=\"ltr\" lang=\"es\">YO QUIERO VER A LALI NO A LOS OTROS MANGAS DE GILES <a href=\"https:\/\/twitter.com\/hashtag\/Lagala?src=hash\">#Lagala<\/a><\/p>\n<p>\u2014 Scarlett (@barbicaxsuarez) <a href=\"https:\/\/twitter.com\/barbicaxsuarez\/status\/832770839846154249\">18 de febrero de 2017<\/a><\/p><\/blockquote>\n<p><script src=\"\/\/platform.twitter.com\/widgets.js\" async=\"\" charset=\"utf-8\"><\/script><\/p>\n<blockquote class=\"twitter-tweet\" data-lang=\"es\"><p>MUESTREN A LALI CTM <a href=\"https:\/\/twitter.com\/hashtag\/LaGala?src=hash\">#LaGala<\/a><\/p>\n<p>\u2014 Catha loves Nacha (@cabelloctmre) <a href=\"https:\/\/twitter.com\/cabelloctmre\/status\/832770821160439810\">18 de febrero de 2017<\/a><\/p><\/blockquote>\n<p><script src=\"\/\/platform.twitter.com\/widgets.js\" async=\"\" charset=\"utf-8\"><\/script><\/p>\n","protected":false},"excerpt":{"rendered":"<p>Los seguidores de la idola teen \u00a0no toleraron la poca pantalla que se le dio durante la Gala de Vi\u00f1a. Los fan\u00e1ticos de la cantante Lali Esp\u00f3sito mostraron su indignaci\u00f3n contra Chilevisi\u00f3n, por la \u00a0escasa pantalla que se le dio \u00a0durante su paso por la Gala de Vi\u00f1a. La artista, que ser\u00e1 jurado en el [&hellip;]<\/p>\n","protected":false},"author":1,"featured_media":50253,"comment_status":"closed","ping_status":"closed","sticky":false,"template":"","format":"standard","meta":{"_seopress_robots_primary_cat":"","_seopress_titles_title":"","_seopress_titles_desc":"","_seopress_robots_index":"","footnotes":""},"categories":[4],"tags":[31316,31320,31319],"class_list":{"0":"post-50252","1":"post","2":"type-post","3":"status-publish","4":"format-standard","5":"has-post-thumbnail","7":"category-famosos","8":"tag-lali-esposito-en-el-festival-de-vina","9":"tag-lali-esposito-en-la-gala-de-vina","10":"tag-poca-participacion-de-lali-esposito-en-la-gala-de-vina"},"_links":{"self":[{"href":"https:\/\/www.cordobatimes.com\/showup\/wp-json\/wp\/v2\/posts\/50252","targetHints":{"allow":["GET"]}}],"collection":[{"href":"https:\/\/www.cordobatimes.com\/showup\/wp-json\/wp\/v2\/posts"}],"about":[{"href":"https:\/\/www.cordobatimes.com\/showup\/wp-json\/wp\/v2\/types\/post"}],"author":[{"embeddable":true,"href":"https:\/\/www.cordobatimes.com\/showup\/wp-json\/wp\/v2\/users\/1"}],"replies":[{"embeddable":true,"href":"https:\/\/www.cordobatimes.com\/showup\/wp-json\/wp\/v2\/comments?post=50252"}],"version-history":[{"count":0,"href":"https:\/\/www.cordobatimes.com\/showup\/wp-json\/wp\/v2\/posts\/50252\/revisions"}],"wp:featuredmedia":[{"embeddable":true,"href":"https:\/\/www.cordobatimes.com\/showup\/wp-json\/wp\/v2\/media\/50253"}],"wp:attachment":[{"href":"https:\/\/www.cordobatimes.com\/showup\/wp-json\/wp\/v2\/media?parent=50252"}],"wp:term":[{"taxonomy":"category","embeddable":true,"href":"https:\/\/www.cordobatimes.com\/showup\/wp-json\/wp\/v2\/categories?post=50252"},{"taxonomy":"post_tag","embeddable":true,"href":"https:\/\/www.cordobatimes.com\/showup\/wp-json\/wp\/v2\/tags?post=50252"}],"curies":[{"name":"wp","href":"https:\/\/api.w.org\/{rel}","templated":true}]}}