{"id":50170,"date":"2017-02-13T10:37:39","date_gmt":"2017-02-13T13:37:39","guid":{"rendered":"http:\/\/cordobatimes.com\/showup\/?p=50170"},"modified":"2020-05-10T13:47:08","modified_gmt":"2020-05-10T16:47:08","slug":"como-siguio-lali-esposito-los-grammys-2017","status":"publish","type":"post","link":"https:\/\/www.cordobatimes.com\/showup\/musica\/2017\/02\/13\/como-siguio-lali-esposito-los-grammys-2017\/","title":{"rendered":"\u00bfC\u00f3mo sigui\u00f3 Lali Esp\u00f3sito  los Grammys 2017?"},"content":{"rendered":"<h3><strong>La actriz y cantante vivi\u00f3 a pleno el minuto a minuto de la premiaci\u00f3n.<\/strong><\/h3>\n<p>Lali Esp\u00f3sito analiz\u00f3 los Premios Grammys desde Instagram Stories con una serie de divertidos videos.<\/p>\n<div><\/div>\n<div>La actriz y cantante, acompa\u00f1ada de amigas, mir\u00f3 la gala y comparti\u00f3 muchos videos en las redes sociales comentando con mucho humor todo lo que ocurr\u00eda en la ceremonia.<\/div>\n<p><iframe loading=\"lazy\" style=\"border: none; overflow: hidden;\" src=\"https:\/\/www.facebook.com\/plugins\/video.php?href=https%3A%2F%2Fwww.facebook.com%2FPrimiciasYa%2Fvideos%2F1416926958341302%2F&amp;show_text=0&amp;width=560\" width=\"560\" height=\"315\" frameborder=\"0\" scrolling=\"no\" allowfullscreen=\"allowfullscreen\"><\/iframe><\/p>\n","protected":false},"excerpt":{"rendered":"<p>La actriz y cantante vivi\u00f3 a pleno el minuto a minuto de la premiaci\u00f3n. Lali Esp\u00f3sito analiz\u00f3 los Premios Grammys desde Instagram Stories con una serie de divertidos videos. La actriz y cantante, acompa\u00f1ada de amigas, mir\u00f3 la gala y comparti\u00f3 muchos videos en las redes sociales comentando con mucho humor todo lo que ocurr\u00eda [&hellip;]<\/p>\n","protected":false},"author":1,"featured_media":50171,"comment_status":"closed","ping_status":"closed","sticky":false,"template":"","format":"standard","meta":{"_seopress_robots_primary_cat":"","_seopress_titles_title":"","_seopress_titles_desc":"","_seopress_robots_index":"","footnotes":""},"categories":[5],"tags":[31326],"class_list":{"0":"post-50170","1":"post","2":"type-post","3":"status-publish","4":"format-standard","5":"has-post-thumbnail","7":"category-musica","8":"tag-lali-esposito-en-los-grammys-2017"},"_links":{"self":[{"href":"https:\/\/www.cordobatimes.com\/showup\/wp-json\/wp\/v2\/posts\/50170","targetHints":{"allow":["GET"]}}],"collection":[{"href":"https:\/\/www.cordobatimes.com\/showup\/wp-json\/wp\/v2\/posts"}],"about":[{"href":"https:\/\/www.cordobatimes.com\/showup\/wp-json\/wp\/v2\/types\/post"}],"author":[{"embeddable":true,"href":"https:\/\/www.cordobatimes.com\/showup\/wp-json\/wp\/v2\/users\/1"}],"replies":[{"embeddable":true,"href":"https:\/\/www.cordobatimes.com\/showup\/wp-json\/wp\/v2\/comments?post=50170"}],"version-history":[{"count":0,"href":"https:\/\/www.cordobatimes.com\/showup\/wp-json\/wp\/v2\/posts\/50170\/revisions"}],"wp:featuredmedia":[{"embeddable":true,"href":"https:\/\/www.cordobatimes.com\/showup\/wp-json\/wp\/v2\/media\/50171"}],"wp:attachment":[{"href":"https:\/\/www.cordobatimes.com\/showup\/wp-json\/wp\/v2\/media?parent=50170"}],"wp:term":[{"taxonomy":"category","embeddable":true,"href":"https:\/\/www.cordobatimes.com\/showup\/wp-json\/wp\/v2\/categories?post=50170"},{"taxonomy":"post_tag","embeddable":true,"href":"https:\/\/www.cordobatimes.com\/showup\/wp-json\/wp\/v2\/tags?post=50170"}],"curies":[{"name":"wp","href":"https:\/\/api.w.org\/{rel}","templated":true}]}}