{"id":50167,"date":"2017-02-13T10:23:04","date_gmt":"2017-02-13T13:23:04","guid":{"rendered":"http:\/\/cordobatimes.com\/showup\/?p=50167"},"modified":"2020-05-10T13:57:45","modified_gmt":"2020-05-10T16:57:45","slug":"adele-arraso-en-los-premios-grammy-pero-hizo-un-papelon-en-el-homenaje-a-george-michael","status":"publish","type":"post","link":"https:\/\/www.cordobatimes.com\/showup\/musica\/2017\/02\/13\/adele-arraso-en-los-premios-grammy-pero-hizo-un-papelon-en-el-homenaje-a-george-michael\/","title":{"rendered":"Adele arras\u00f3 en los premios Grammy, pero hizo un papel\u00f3n en el homenaje a George Michael"},"content":{"rendered":"<h3><strong>La brit\u00e1nica se qued\u00f3 con los cinco galardones por los que compet\u00eda, entre ellos canci\u00f3n del a\u00f1o y disco del a\u00f1o, pero err\u00f3 en pleno show en vivo.<\/strong><\/h3>\n<p>Era una noche perfecta para que Adele\u00a0cerrara su regreso a la m\u00fasica como en un sue\u00f1o. La cantante se consagr\u00f3 como la mejor de todas en la 59 entrega de los premios Grammy, gala en la que se llev\u00f3 los cinco galardones por los que compet\u00eda. A saber: Canci\u00f3n del a\u00f1o, Mejor actuaci\u00f3n solista, Grabaci\u00f3n del A\u00f1o, Mejor \u00c1lbum Pop y \u00c1lbum del A\u00f1o, todo gracias a su hit Hello y su disco 25.<\/p>\n<p>Toda esa felicidad y emoci\u00f3n le jug\u00f3 una mala pasada a la brit\u00e1nica, quien adem\u00e1s debi\u00f3 subir al escenario del Staples Center de Los \u00c1ngeles para rendirle tributo a su fallecido colega George Michael. En plena interpretaci\u00f3n de Fast love, Adele se detuvo en seco al advertir una falla y sin vueltas asegur\u00f3: \u00abLo siento, la he cag&#8230;. Tenemos que parar. Perd\u00f3n por decir una palabrota, pero no podemos seguir as\u00ed\u00bb.<\/p>\n<p><iframe loading=\"lazy\" src=\"https:\/\/www.youtube.com\/embed\/z0CF12Hzq8o\" width=\"560\" height=\"315\" frameborder=\"0\" allowfullscreen=\"allowfullscreen\"><\/iframe><\/p>\n<p>Instantes m\u00e1s tarde, cuando regres\u00f3 al estrado para llevarse la estatuilla a mejor canci\u00f3n, Adele volvi\u00f3 a disculparse, pero esta vez por su lenguaje: \u00abPrimero quiero pedir disculpas porque antes he dicho una palabrota y adoro a George Michael\u00bb. Ya estaba m\u00e1s calmada.<\/p>\n","protected":false},"excerpt":{"rendered":"<p>La brit\u00e1nica se qued\u00f3 con los cinco galardones por los que compet\u00eda, entre ellos canci\u00f3n del a\u00f1o y disco del a\u00f1o, pero err\u00f3 en pleno show en vivo. Era una noche perfecta para que Adele\u00a0cerrara su regreso a la m\u00fasica como en un sue\u00f1o. La cantante se consagr\u00f3 como la mejor de todas en la [&hellip;]<\/p>\n","protected":false},"author":1,"featured_media":50168,"comment_status":"closed","ping_status":"closed","sticky":false,"template":"","format":"standard","meta":{"_seopress_robots_primary_cat":"","_seopress_titles_title":"","_seopress_titles_desc":"","_seopress_robots_index":"","footnotes":""},"categories":[5],"tags":[31327,31328],"class_list":{"0":"post-50167","1":"post","2":"type-post","3":"status-publish","4":"format-standard","5":"has-post-thumbnail","7":"category-musica","8":"tag-adele-en-los-premios-grammy","9":"tag-homenaje-a-george-michael"},"_links":{"self":[{"href":"https:\/\/www.cordobatimes.com\/showup\/wp-json\/wp\/v2\/posts\/50167","targetHints":{"allow":["GET"]}}],"collection":[{"href":"https:\/\/www.cordobatimes.com\/showup\/wp-json\/wp\/v2\/posts"}],"about":[{"href":"https:\/\/www.cordobatimes.com\/showup\/wp-json\/wp\/v2\/types\/post"}],"author":[{"embeddable":true,"href":"https:\/\/www.cordobatimes.com\/showup\/wp-json\/wp\/v2\/users\/1"}],"replies":[{"embeddable":true,"href":"https:\/\/www.cordobatimes.com\/showup\/wp-json\/wp\/v2\/comments?post=50167"}],"version-history":[{"count":0,"href":"https:\/\/www.cordobatimes.com\/showup\/wp-json\/wp\/v2\/posts\/50167\/revisions"}],"wp:featuredmedia":[{"embeddable":true,"href":"https:\/\/www.cordobatimes.com\/showup\/wp-json\/wp\/v2\/media\/50168"}],"wp:attachment":[{"href":"https:\/\/www.cordobatimes.com\/showup\/wp-json\/wp\/v2\/media?parent=50167"}],"wp:term":[{"taxonomy":"category","embeddable":true,"href":"https:\/\/www.cordobatimes.com\/showup\/wp-json\/wp\/v2\/categories?post=50167"},{"taxonomy":"post_tag","embeddable":true,"href":"https:\/\/www.cordobatimes.com\/showup\/wp-json\/wp\/v2\/tags?post=50167"}],"curies":[{"name":"wp","href":"https:\/\/api.w.org\/{rel}","templated":true}]}}