{"id":50067,"date":"2017-02-06T10:28:19","date_gmt":"2017-02-06T13:28:19","guid":{"rendered":"http:\/\/cordobatimes.com\/showup\/?p=50067"},"modified":"2020-05-10T19:32:01","modified_gmt":"2020-05-10T22:32:01","slug":"lali-esposito-deslumbro-en-tres-de-febrero","status":"publish","type":"post","link":"https:\/\/www.cordobatimes.com\/showup\/musica\/2017\/02\/06\/lali-esposito-deslumbro-en-tres-de-febrero\/","title":{"rendered":"Lali Esp\u00f3sito deslumbro en Tres de Febrero"},"content":{"rendered":"<h3><strong>A puro electro-pop, la cantante dio un show s\u00faper bailable en Caseros, dentro del ciclo Acercarte.<\/strong><\/h3>\n<p>Tres de Febrero fue un fest\u00edn de m\u00fasica este fin de semana. Primero con un show de Axel el s\u00e1bado y ayer cerr\u00f3 la jornada Lali Esp\u00f3sito, en una noche de fervor adolescente, en el marco del ciclo de recitales gratuitos Acercarte.<\/p>\n<p>Despu\u00e9s de un d\u00eda lleno de actividades en Caseros (danza urbana, shows de stand up, teatro y espect\u00e1culos infantiles), la ex\u00a0Teen Angels sali\u00f3 a romperla con tres temas enganchados: \u00abSoy\u00bb, \u00abIrresistible\u00bb y \u00bb asesina\u00bb (con la guitarra rosa colgada). \u00abGracias por estar hoy ac\u00e1, en este domingo nublado fr\u00edo. Ya nadie entiende nada, \u00bfQui\u00e9n se trajo abrigo? \u00a1Nadie!\u00bb, salud\u00f3 la cantante, con su humor habitual. Las fans le respondieron con el cl\u00e1sico \u00abOl\u00e9, ol\u00e9, ol\u00e9, Lali, Lali\u00bb.<\/p>\n<p>La actriz ofreci\u00f3 un mix entre sus dos discos, en un repertorio que sigui\u00f3 con temas como \u00abDel otro lado\u00bb, \u00abBoomerang\u00bb y los aires reggae de \u00abTu revoluci\u00f3n\u00bb. Con cambios de vestuario, coreograf\u00edas de baile y mucho electro-pop, se meti\u00f3 al p\u00fablico en el bolsillo, que no par\u00f3 de cantar toda la noche.<\/p>\n<p>\u00abBomba\u00bb, \u00abMi religi\u00f3n\u00bb, \u00abEgo\u00bb y \u00abLejos de m\u00ed\u00bb, \u00abAmor es presente\u00bb (\u00abSiempre que estoy arriba del escenario reafirmo la letra de esta cancion\u00bb, explic\u00f3) completaron la lista de temas de la primera parte, con \u00abA bailar\u00bb de cierre. \u00abCon esta canci\u00f3n empez\u00f3 todo esto, por esta canci\u00f3n estoy ac\u00e1 con ustedes\u00bb, cont\u00f3 Lali se guard\u00f3 \u00abHisteria\u00bb y \u00abMil a\u00f1os luz\u00bb, despu\u00e9s de sacarse una foto grupal con todo la banda y hacerlos mover \u00abla colita\u00bb.<\/p>\n","protected":false},"excerpt":{"rendered":"<p>A puro electro-pop, la cantante dio un show s\u00faper bailable en Caseros, dentro del ciclo Acercarte. Tres de Febrero fue un fest\u00edn de m\u00fasica este fin de semana. Primero con un show de Axel el s\u00e1bado y ayer cerr\u00f3 la jornada Lali Esp\u00f3sito, en una noche de fervor adolescente, en el marco del ciclo de [&hellip;]<\/p>\n","protected":false},"author":1,"featured_media":50068,"comment_status":"closed","ping_status":"closed","sticky":false,"template":"","format":"standard","meta":{"_seopress_robots_primary_cat":"","_seopress_titles_title":"","_seopress_titles_desc":"","_seopress_robots_index":"","footnotes":""},"categories":[5],"tags":[31342],"class_list":{"0":"post-50067","1":"post","2":"type-post","3":"status-publish","4":"format-standard","5":"has-post-thumbnail","7":"category-musica","8":"tag-lali-esposito-en-tres-de-febrero"},"_links":{"self":[{"href":"https:\/\/www.cordobatimes.com\/showup\/wp-json\/wp\/v2\/posts\/50067","targetHints":{"allow":["GET"]}}],"collection":[{"href":"https:\/\/www.cordobatimes.com\/showup\/wp-json\/wp\/v2\/posts"}],"about":[{"href":"https:\/\/www.cordobatimes.com\/showup\/wp-json\/wp\/v2\/types\/post"}],"author":[{"embeddable":true,"href":"https:\/\/www.cordobatimes.com\/showup\/wp-json\/wp\/v2\/users\/1"}],"replies":[{"embeddable":true,"href":"https:\/\/www.cordobatimes.com\/showup\/wp-json\/wp\/v2\/comments?post=50067"}],"version-history":[{"count":0,"href":"https:\/\/www.cordobatimes.com\/showup\/wp-json\/wp\/v2\/posts\/50067\/revisions"}],"wp:featuredmedia":[{"embeddable":true,"href":"https:\/\/www.cordobatimes.com\/showup\/wp-json\/wp\/v2\/media\/50068"}],"wp:attachment":[{"href":"https:\/\/www.cordobatimes.com\/showup\/wp-json\/wp\/v2\/media?parent=50067"}],"wp:term":[{"taxonomy":"category","embeddable":true,"href":"https:\/\/www.cordobatimes.com\/showup\/wp-json\/wp\/v2\/categories?post=50067"},{"taxonomy":"post_tag","embeddable":true,"href":"https:\/\/www.cordobatimes.com\/showup\/wp-json\/wp\/v2\/tags?post=50067"}],"curies":[{"name":"wp","href":"https:\/\/api.w.org\/{rel}","templated":true}]}}