{"id":4994,"date":"2013-12-09T19:40:10","date_gmt":"2013-12-09T22:40:10","guid":{"rendered":"http:\/\/cordobatimes.com\/showup\/?p=4994"},"modified":"2019-12-01T19:35:20","modified_gmt":"2019-12-01T22:35:20","slug":"premio-a-la-trayectoria-para-billy-joel-y-santana-fotos","status":"publish","type":"post","link":"https:\/\/www.cordobatimes.com\/showup\/musica\/2013\/12\/09\/premio-a-la-trayectoria-para-billy-joel-y-santana-fotos\/","title":{"rendered":"Premio a la trayectoria para Billy Joel y Santana (fotos)"},"content":{"rendered":"<h3><strong><span style=\"text-align: justify;\">El pianista y cantante Billy Joel junto al legendario guitarrista,Carlos Santana,fueron galardonados por el Centro Kennedy de Estados Unidos,por su largo trabajo de a\u00f1os y aporte cultural.Obama<\/span><\/strong><\/h3>\n<p style=\"text-align: justify;\">\u00abCada uno de nuestros brillantes homenajeados nos ha dado algo \u00fanico y de riqueza sin medida A pesar de su \u00e9xito han permanecido fieles a s\u00ed mismos y nos han inspirado al resto a hacer lo mismo\u00bb.Con estas palabras agradec\u00eda ayer,Barack Obama,el presidente de Estado Unidos,a los homenajeados.<\/p>\n<p style=\"text-align: justify;\">Billy Joel,Carlos Santana,la actriz Shirley McLaine,el compositor Herbie Hancock y la cantante Martina Arroyo, fueron los premiados por el Centro Kennedy,que desde 1978,reconoce las contribuciones de artistas al acervo cultural del pa\u00eds norteamericano.<\/p>\n<p style=\"text-align: justify;\">El mandatario opin\u00f3 sobre Santana que ha dado voz a la comunidad latina \u00ab<em>invisible demasiado a menudo para muchos estadounidenses<\/em>\u00ab,y agreg\u00f3 que desde adolescente se enamor\u00f3 de su guitarra.\u00bb<em>Uno de los mejores guitarristas del mundo<\/em>\u00ab,exclam\u00f3.<\/p>\n<p style=\"text-align: justify;\">El presidente tambi\u00e9n dedic\u00f3 unas palabras a Hancock, figura indispensable del jazz contempor\u00e1neo y de quien destac\u00f3 su \u00ab<em>esp\u00edritu<\/em>\u00bb y \u00ab<em>energ\u00eda\u00bb<\/em>.<\/p>\n<p>Con respecto a Arroyo, de origen puertorrique\u00f1o y una de las primeras afroamericanas en triunfar como soprano,Obama elogi\u00f3 su <em>\u00abtremenda voz<\/em>\u00ab, afirm\u00f3 que \u00ab<em>ha roto barreras<\/em>\u00bb y con su fundaci\u00f3n \u00abnutre\u00bb a la pr\u00f3xima generaci\u00f3n de artistas.<\/p>\n<p>\u00ab<em>Me siento muy agradecido, muy orgulloso de representar a la gente de voz invisible<\/em>\u00ab, sostuvo Santana en alusi\u00f3n a las palabras que le dedic\u00f3 el pol\u00edtico.<\/p>\n<p>\u00ab<em>Es un guitarrista que toca con el alma, una persona que ama mucho su ra\u00edz latina. Desde que ten\u00eda doce a\u00f1os he escuchado las canciones de Carlos y siempre he tenido claro que quer\u00eda hacer lo mismo que \u00e9l, un rock m\u00e1s latino<\/em>\u00ab, explic\u00f3 Fher Olvera,integrante del grupo mexicano Man\u00e1,quien se declar\u00f3 conforme y contento por la distinci\u00f3n a su colega.<\/p>\n<p style=\"text-align: justify;\">Para Joel, recibir el galard\u00f3n \u00ab<em>es un poco abrumador<\/em>\u00ab. \u00ab<em>Cuando me lo dijeron me qued\u00e9 un poco aturdido y a\u00fan lo estoy<\/em>\u00ab, admiti\u00f3 a los medios.<\/p>\n<p style=\"text-align: justify;\">Entre los asistentes a la gala figuraban varios senadores y congresistas, tanto republicanos como dem\u00f3cratas, los secretarios de Estado y pol\u00edticos de la escena norteamericana.<\/p>\n<p style=\"text-align: center;\"><a href=\"http:\/\/cordobatimes.com\/showup\/wp-content\/uploads\/2013\/12\/images-121.jpg\"><img loading=\"lazy\" decoding=\"async\" class=\" wp-image-5006 aligncenter\" src=\"http:\/\/cordobatimes.com\/showup\/wp-content\/uploads\/2013\/12\/images-121.jpg\" alt=\"images (12)\" width=\"600\" height=\"400\" data-id=\"5006\" \/><\/a><\/p>\n","protected":false},"excerpt":{"rendered":"<p>El pianista y cantante Billy Joel junto al legendario guitarrista,Carlos Santana,fueron galardonados por el Centro Kennedy de Estados Unidos,por su largo trabajo de a\u00f1os y aporte cultural.Obama \u00abCada uno de nuestros brillantes homenajeados nos ha dado algo \u00fanico y de riqueza sin medida A pesar de su \u00e9xito han permanecido fieles a s\u00ed mismos y [&hellip;]<\/p>\n","protected":false},"author":1,"featured_media":4998,"comment_status":"closed","ping_status":"closed","sticky":false,"template":"","format":"standard","meta":{"_seopress_robots_primary_cat":"","_seopress_titles_title":"","_seopress_titles_desc":"","_seopress_robots_index":"","footnotes":""},"categories":[5],"tags":[26483,26482],"class_list":{"0":"post-4994","1":"post","2":"type-post","3":"status-publish","4":"format-standard","5":"has-post-thumbnail","7":"category-musica","8":"tag-billy-joel-y-santana","9":"tag-premio-a-la-trayectoria-para-billy-joel-y-santana"},"_links":{"self":[{"href":"https:\/\/www.cordobatimes.com\/showup\/wp-json\/wp\/v2\/posts\/4994","targetHints":{"allow":["GET"]}}],"collection":[{"href":"https:\/\/www.cordobatimes.com\/showup\/wp-json\/wp\/v2\/posts"}],"about":[{"href":"https:\/\/www.cordobatimes.com\/showup\/wp-json\/wp\/v2\/types\/post"}],"author":[{"embeddable":true,"href":"https:\/\/www.cordobatimes.com\/showup\/wp-json\/wp\/v2\/users\/1"}],"replies":[{"embeddable":true,"href":"https:\/\/www.cordobatimes.com\/showup\/wp-json\/wp\/v2\/comments?post=4994"}],"version-history":[{"count":0,"href":"https:\/\/www.cordobatimes.com\/showup\/wp-json\/wp\/v2\/posts\/4994\/revisions"}],"wp:featuredmedia":[{"embeddable":true,"href":"https:\/\/www.cordobatimes.com\/showup\/wp-json\/wp\/v2\/media\/4998"}],"wp:attachment":[{"href":"https:\/\/www.cordobatimes.com\/showup\/wp-json\/wp\/v2\/media?parent=4994"}],"wp:term":[{"taxonomy":"category","embeddable":true,"href":"https:\/\/www.cordobatimes.com\/showup\/wp-json\/wp\/v2\/categories?post=4994"},{"taxonomy":"post_tag","embeddable":true,"href":"https:\/\/www.cordobatimes.com\/showup\/wp-json\/wp\/v2\/tags?post=4994"}],"curies":[{"name":"wp","href":"https:\/\/api.w.org\/{rel}","templated":true}]}}