{"id":49796,"date":"2017-01-15T18:06:09","date_gmt":"2017-01-15T21:06:09","guid":{"rendered":"http:\/\/cordobatimes.com\/showup\/?p=49796"},"modified":"2020-05-03T19:06:10","modified_gmt":"2020-05-03T22:06:10","slug":"lali-esposito-molesta-con-un-periodista-en-las-calles-de-punta-del-este","status":"publish","type":"post","link":"https:\/\/www.cordobatimes.com\/showup\/famosos\/2017\/01\/15\/lali-esposito-molesta-con-un-periodista-en-las-calles-de-punta-del-este\/","title":{"rendered":"Lali Esp\u00f3sito molesta con un periodista en las calles de Punta del Este"},"content":{"rendered":"<h3><strong>La cantante se enoj\u00f3 con el camar\u00f3grafo de un ciclo uruguayo\u00a0que la film\u00f3 cuando sal\u00eda de un supermercado.<\/strong><\/h3>\n<p>Despu\u00e9s de largos meses de trabajo,\u00a0Lali\u00a0Esp\u00f3sito\u00a0 viaj\u00f3 a Punta del Este para disfrutar con amigas y su\u00a0familia de un descanso antes de retomar sus compromisos. Sin embargo, sus d\u00edas no fueron tan apacibles y, a pesar de ser una de las figuras que siempre tiene un excelente trato con la prensa, no tom\u00f3 con mucho humor que un paparazzi la filmara cuando sal\u00eda de un supermercado con una amiga.<\/p>\n<p>El ciclo uruguayo de espect\u00e1culos Algo contigo registr\u00f3 el momento en el que\u00a0Lali\u00a0llevaba su\u00a0changuito al estacionamiento y la reacci\u00f3n de la \u00eddola pop al ver que la estaban grabando.<\/p>\n<p><iframe loading=\"lazy\" src=\"https:\/\/www.youtube.com\/embed\/pzyTpQZ3W3E\" width=\"560\" height=\"315\" frameborder=\"0\" allowfullscreen=\"allowfullscreen\"><\/iframe><\/p>\n","protected":false},"excerpt":{"rendered":"<p>La cantante se enoj\u00f3 con el camar\u00f3grafo de un ciclo uruguayo\u00a0que la film\u00f3 cuando sal\u00eda de un supermercado. Despu\u00e9s de largos meses de trabajo,\u00a0Lali\u00a0Esp\u00f3sito\u00a0 viaj\u00f3 a Punta del Este para disfrutar con amigas y su\u00a0familia de un descanso antes de retomar sus compromisos. Sin embargo, sus d\u00edas no fueron tan apacibles y, a pesar de [&hellip;]<\/p>\n","protected":false},"author":1,"featured_media":49797,"comment_status":"closed","ping_status":"closed","sticky":false,"template":"","format":"standard","meta":{"_seopress_robots_primary_cat":"","_seopress_titles_title":"","_seopress_titles_desc":"","_seopress_robots_index":"","footnotes":""},"categories":[4],"tags":[31216,31215,31217],"class_list":{"0":"post-49796","1":"post","2":"type-post","3":"status-publish","4":"format-standard","5":"has-post-thumbnail","7":"category-famosos","8":"tag-lali-esposito-en-punta-del-este","9":"tag-lali-esposito-enojada","10":"tag-lali-esposito-enojada-con-un-periodista"},"_links":{"self":[{"href":"https:\/\/www.cordobatimes.com\/showup\/wp-json\/wp\/v2\/posts\/49796","targetHints":{"allow":["GET"]}}],"collection":[{"href":"https:\/\/www.cordobatimes.com\/showup\/wp-json\/wp\/v2\/posts"}],"about":[{"href":"https:\/\/www.cordobatimes.com\/showup\/wp-json\/wp\/v2\/types\/post"}],"author":[{"embeddable":true,"href":"https:\/\/www.cordobatimes.com\/showup\/wp-json\/wp\/v2\/users\/1"}],"replies":[{"embeddable":true,"href":"https:\/\/www.cordobatimes.com\/showup\/wp-json\/wp\/v2\/comments?post=49796"}],"version-history":[{"count":0,"href":"https:\/\/www.cordobatimes.com\/showup\/wp-json\/wp\/v2\/posts\/49796\/revisions"}],"wp:featuredmedia":[{"embeddable":true,"href":"https:\/\/www.cordobatimes.com\/showup\/wp-json\/wp\/v2\/media\/49797"}],"wp:attachment":[{"href":"https:\/\/www.cordobatimes.com\/showup\/wp-json\/wp\/v2\/media?parent=49796"}],"wp:term":[{"taxonomy":"category","embeddable":true,"href":"https:\/\/www.cordobatimes.com\/showup\/wp-json\/wp\/v2\/categories?post=49796"},{"taxonomy":"post_tag","embeddable":true,"href":"https:\/\/www.cordobatimes.com\/showup\/wp-json\/wp\/v2\/tags?post=49796"}],"curies":[{"name":"wp","href":"https:\/\/api.w.org\/{rel}","templated":true}]}}