{"id":49603,"date":"2017-01-07T16:39:33","date_gmt":"2017-01-07T19:39:33","guid":{"rendered":"http:\/\/cordobatimes.com\/showup\/?p=49603"},"modified":"2020-05-03T22:03:25","modified_gmt":"2020-05-04T01:03:25","slug":"el-histeriqueo-virtual-de-fede-bal-y-laurita-fernandez","status":"publish","type":"post","link":"https:\/\/www.cordobatimes.com\/showup\/famosos\/2017\/01\/07\/el-histeriqueo-virtual-de-fede-bal-y-laurita-fernandez\/","title":{"rendered":"El histeriqueo virtual de Fede Bal y Laurita Fern\u00e1ndez"},"content":{"rendered":"<h3><strong>En medio de los rumores de romance, los j\u00f3venes tuvieron un particular intercambio en Twitter que alimentaron las sospechas.\u00a0<\/strong><\/h3>\n<p>Los rumores de romance entre Federico Bal\u00a0 y Laurita Fern\u00e1ndez \u00a0parecen no tener fin. Los cruces de piropos y mensajes de cari\u00f1o -tanto en televisi\u00f3n como en las redes sociales- ya son una constante entre los exparticipantes de Bailando 2016. Y la historia sigue sumando cap\u00edtulos.<\/p>\n<p>Luego de dejar en claro el exceso de \u00bfs\u00f3lo buena onda? entre los j\u00f3venes, en una nota para Los \u00c1ngeles de la Ma\u00f1ana -donde la modelo se incorpor\u00f3 como panelista- con intercambios de risas y coqueteo, ahora la bailarina public\u00f3 un sugerente tweet y Fede se lo retruc\u00f3.<\/p>\n<p><a href=\"http:\/\/cordobatimes.com\/showup\/wp-content\/uploads\/2017\/01\/00193058554.jpg\"><img loading=\"lazy\" decoding=\"async\" class=\"alignnone size-full wp-image-49605\" src=\"http:\/\/cordobatimes.com\/showup\/wp-content\/uploads\/2017\/01\/00193058554.jpg\" alt=\"0019305855\" width=\"580\" height=\"705\" srcset=\"https:\/\/www.cordobatimes.com\/showup\/wp-content\/uploads\/2017\/01\/00193058554.jpg 580w, https:\/\/www.cordobatimes.com\/showup\/wp-content\/uploads\/2017\/01\/00193058554-247x300.jpg 247w, https:\/\/www.cordobatimes.com\/showup\/wp-content\/uploads\/2017\/01\/00193058554-535x650.jpg 535w\" sizes=\"auto, (max-width: 580px) 100vw, 580px\" \/><\/a><\/p>\n","protected":false},"excerpt":{"rendered":"<p>En medio de los rumores de romance, los j\u00f3venes tuvieron un particular intercambio en Twitter que alimentaron las sospechas.\u00a0 Los rumores de romance entre Federico Bal\u00a0 y Laurita Fern\u00e1ndez \u00a0parecen no tener fin. Los cruces de piropos y mensajes de cari\u00f1o -tanto en televisi\u00f3n como en las redes sociales- ya son una constante entre los [&hellip;]<\/p>\n","protected":false},"author":1,"featured_media":49604,"comment_status":"closed","ping_status":"closed","sticky":false,"template":"","format":"standard","meta":{"_seopress_robots_primary_cat":"","_seopress_titles_title":"","_seopress_titles_desc":"","_seopress_robots_index":"","footnotes":""},"categories":[4],"tags":[15872,31250],"class_list":{"0":"post-49603","1":"post","2":"type-post","3":"status-publish","4":"format-standard","5":"has-post-thumbnail","7":"category-famosos","8":"tag-fede-bal-y-laurita-fernandez","9":"tag-histeriqueo-virtual-de-fede-bal-y-laurita-fernandez"},"_links":{"self":[{"href":"https:\/\/www.cordobatimes.com\/showup\/wp-json\/wp\/v2\/posts\/49603","targetHints":{"allow":["GET"]}}],"collection":[{"href":"https:\/\/www.cordobatimes.com\/showup\/wp-json\/wp\/v2\/posts"}],"about":[{"href":"https:\/\/www.cordobatimes.com\/showup\/wp-json\/wp\/v2\/types\/post"}],"author":[{"embeddable":true,"href":"https:\/\/www.cordobatimes.com\/showup\/wp-json\/wp\/v2\/users\/1"}],"replies":[{"embeddable":true,"href":"https:\/\/www.cordobatimes.com\/showup\/wp-json\/wp\/v2\/comments?post=49603"}],"version-history":[{"count":0,"href":"https:\/\/www.cordobatimes.com\/showup\/wp-json\/wp\/v2\/posts\/49603\/revisions"}],"wp:featuredmedia":[{"embeddable":true,"href":"https:\/\/www.cordobatimes.com\/showup\/wp-json\/wp\/v2\/media\/49604"}],"wp:attachment":[{"href":"https:\/\/www.cordobatimes.com\/showup\/wp-json\/wp\/v2\/media?parent=49603"}],"wp:term":[{"taxonomy":"category","embeddable":true,"href":"https:\/\/www.cordobatimes.com\/showup\/wp-json\/wp\/v2\/categories?post=49603"},{"taxonomy":"post_tag","embeddable":true,"href":"https:\/\/www.cordobatimes.com\/showup\/wp-json\/wp\/v2\/tags?post=49603"}],"curies":[{"name":"wp","href":"https:\/\/api.w.org\/{rel}","templated":true}]}}