{"id":49541,"date":"2017-01-04T12:41:49","date_gmt":"2017-01-04T15:41:49","guid":{"rendered":"http:\/\/cordobatimes.com\/showup\/?p=49541"},"modified":"2020-05-04T22:04:40","modified_gmt":"2020-05-05T01:04:40","slug":"janet-jackson-mama-por-primera-vez-a-los-50-anos","status":"publish","type":"post","link":"https:\/\/www.cordobatimes.com\/showup\/famosos\/2017\/01\/04\/janet-jackson-mama-por-primera-vez-a-los-50-anos\/","title":{"rendered":"Janet Jackson, mam\u00e1 por primera vez a los 50 a\u00f1os"},"content":{"rendered":"<h3><strong>La estrella pop Janet Jackson tuvo este martes su primer hijo a los 50 a\u00f1os. <\/strong><\/h3>\n<p>\u00abJanet Jackson y su esposo Wissam Al Mana est\u00e1n emocionados de dar la bienvenida al mundo a su nuevo hijo Eissa Al Mana\u00bb, inform\u00f3 a la AFP Paula Witt, representante de la hermana menor del \u00eddolo Michael Jackson, fallecido en 2009.<\/p>\n<p>\u00abJanet tuvo un parto saludable y sin estr\u00e9s, y descansa c\u00f3modamente\u00bb, a\u00f1adi\u00f3 el texto.<\/p>\n<p>La cantante estadounidense sorprendi\u00f3 en abril a sus fans al poner fin a una gira mundial argumentando que estaban \u00abplanificando una familia\u00bb.<\/p>\n<p>Los embarazos naturales son bastante inusuales, aunque no imposibles, para las mujeres mayores de 40 a\u00f1os, pero la fertilizaci\u00f3n in vitro puede extender la edad para tener hijos.<\/p>\n<p>\u00abSer\u00e1 una gran madre porque es dura, muy estricta\u00bb, dijo en mayo su hermano Jermaine Jackson, citado por la revista People.<\/p>\n<p>\u00abPero le dije &#8216;si necesitas alguna lecci\u00f3n sobre paternidad o habilidad con beb\u00e9s, avisame porque soy el mejor cambiador de pa\u00f1ales del planeta, hasta el d\u00eda de hoy'\u00bb, sum\u00f3 el flamante t\u00edo, que tiene nueve hijos.<\/p>\n<p>Jackson suele ser discreta con su vida personal y en 2012 no dio a conocer inmediatamente su matrimonio con Al Mana, cuya firma comercializa marcas de moda de lujo en los reinos \u00e1rabes del Golfo. La int\u00e9rprete gan\u00f3 una enorme cantidad de seguidores internacionalmente a finales de la d\u00e9cada de 1980 con sus \u00e1lbumes Control y Janet Jackson Rhythm Nation 1814, en el que junt\u00f3 la m\u00fasica pop y el funk con el g\u00e9nero emergente en ese momento del hip-hop.<\/p>\n<p>Los \u00e1lbumes destacaron por sus letras con contenido social, en los que Jackson se identifica con el empoderamiento de las mujeres.<\/p>\n","protected":false},"excerpt":{"rendered":"<p>La estrella pop Janet Jackson tuvo este martes su primer hijo a los 50 a\u00f1os. \u00abJanet Jackson y su esposo Wissam Al Mana est\u00e1n emocionados de dar la bienvenida al mundo a su nuevo hijo Eissa Al Mana\u00bb, inform\u00f3 a la AFP Paula Witt, representante de la hermana menor del \u00eddolo Michael Jackson, fallecido en [&hellip;]<\/p>\n","protected":false},"author":1,"featured_media":49542,"comment_status":"closed","ping_status":"closed","sticky":false,"template":"","format":"standard","meta":{"_seopress_robots_primary_cat":"","_seopress_titles_title":"","_seopress_titles_desc":"","_seopress_robots_index":"","footnotes":""},"categories":[4],"tags":[31271],"class_list":{"0":"post-49541","1":"post","2":"type-post","3":"status-publish","4":"format-standard","5":"has-post-thumbnail","7":"category-famosos","8":"tag-hijo-de-janet-jackson"},"_links":{"self":[{"href":"https:\/\/www.cordobatimes.com\/showup\/wp-json\/wp\/v2\/posts\/49541","targetHints":{"allow":["GET"]}}],"collection":[{"href":"https:\/\/www.cordobatimes.com\/showup\/wp-json\/wp\/v2\/posts"}],"about":[{"href":"https:\/\/www.cordobatimes.com\/showup\/wp-json\/wp\/v2\/types\/post"}],"author":[{"embeddable":true,"href":"https:\/\/www.cordobatimes.com\/showup\/wp-json\/wp\/v2\/users\/1"}],"replies":[{"embeddable":true,"href":"https:\/\/www.cordobatimes.com\/showup\/wp-json\/wp\/v2\/comments?post=49541"}],"version-history":[{"count":0,"href":"https:\/\/www.cordobatimes.com\/showup\/wp-json\/wp\/v2\/posts\/49541\/revisions"}],"wp:featuredmedia":[{"embeddable":true,"href":"https:\/\/www.cordobatimes.com\/showup\/wp-json\/wp\/v2\/media\/49542"}],"wp:attachment":[{"href":"https:\/\/www.cordobatimes.com\/showup\/wp-json\/wp\/v2\/media?parent=49541"}],"wp:term":[{"taxonomy":"category","embeddable":true,"href":"https:\/\/www.cordobatimes.com\/showup\/wp-json\/wp\/v2\/categories?post=49541"},{"taxonomy":"post_tag","embeddable":true,"href":"https:\/\/www.cordobatimes.com\/showup\/wp-json\/wp\/v2\/tags?post=49541"}],"curies":[{"name":"wp","href":"https:\/\/api.w.org\/{rel}","templated":true}]}}