{"id":49515,"date":"2017-01-03T18:34:17","date_gmt":"2017-01-03T21:34:17","guid":{"rendered":"http:\/\/cordobatimes.com\/showup\/?p=49515"},"modified":"2020-05-04T22:11:28","modified_gmt":"2020-05-05T01:11:28","slug":"siempre-una-diosa-las-vacaciones-de-lali-esposito-en-punta-del-este","status":"publish","type":"post","link":"https:\/\/www.cordobatimes.com\/showup\/famosos\/2017\/01\/03\/siempre-una-diosa-las-vacaciones-de-lali-esposito-en-punta-del-este\/","title":{"rendered":"Siempre una diosa: Las vacaciones de Lali Esp\u00f3sito en Punta del Este"},"content":{"rendered":"<h3><strong>La joven actriz y cantante luci\u00f3 su voluptuoso cuerpo con poquita ropa.<\/strong><\/h3>\n<p>Lejos de la agitada agenda musical que la llev\u00f3 a recorrer varios pa\u00edses en 2016 con su segundo trabajo discogr\u00e1fico, Soy, Lali Esp\u00f3sito\u00a0 disfruta de sus merecidas vacaciones en Punta del Este, lugar donde recibi\u00f3 el nuevo a\u00f1o con sus padres, Majo y Carlos, y sus hermanos, Ana Laura y Pato, entre otros familiares cercanos.<\/p>\n<p>Due\u00f1a de un lomazo, la revista Pronto retrat\u00f3 a la joven actriz y cantante caminando por las playas este\u00f1as en bikini, con lentes de sol y s\u00faper relajada disfrutando del sol.<\/p>\n<p>Por otro lado, Lali le puso adrenalina a sus tardes y se introdujo en el mar con su tabla de bodyboard, lista para hacer el deporte acu\u00e1tico en compa\u00f1\u00eda de su c\u00edrculo \u00edntimo.<\/p>\n<p><img loading=\"lazy\" decoding=\"async\" class=\"alignnone size-full wp-image-49517\" src=\"http:\/\/cordobatimes.com\/showup\/wp-content\/uploads\/2017\/01\/lali_esposito_2_3.jpg\" alt=\"lali_esposito_2_3\" width=\"354\" height=\"681\" srcset=\"https:\/\/www.cordobatimes.com\/showup\/wp-content\/uploads\/2017\/01\/lali_esposito_2_3.jpg 354w, https:\/\/www.cordobatimes.com\/showup\/wp-content\/uploads\/2017\/01\/lali_esposito_2_3-156x300.jpg 156w, https:\/\/www.cordobatimes.com\/showup\/wp-content\/uploads\/2017\/01\/lali_esposito_2_3-338x650.jpg 338w\" sizes=\"auto, (max-width: 354px) 100vw, 354px\" \/> <img loading=\"lazy\" decoding=\"async\" class=\"alignnone size-full wp-image-49518\" src=\"http:\/\/cordobatimes.com\/showup\/wp-content\/uploads\/2017\/01\/lali_esposito1.jpg\" alt=\"lali_esposito1\" width=\"411\" height=\"399\" srcset=\"https:\/\/www.cordobatimes.com\/showup\/wp-content\/uploads\/2017\/01\/lali_esposito1.jpg 411w, https:\/\/www.cordobatimes.com\/showup\/wp-content\/uploads\/2017\/01\/lali_esposito1-300x291.jpg 300w\" sizes=\"auto, (max-width: 411px) 100vw, 411px\" \/> <img loading=\"lazy\" decoding=\"async\" class=\"alignnone size-full wp-image-49519\" src=\"http:\/\/cordobatimes.com\/showup\/wp-content\/uploads\/2017\/01\/lali_esposito3.jpg\" alt=\"lali_esposito3\" width=\"393\" height=\"363\" srcset=\"https:\/\/www.cordobatimes.com\/showup\/wp-content\/uploads\/2017\/01\/lali_esposito3.jpg 393w, https:\/\/www.cordobatimes.com\/showup\/wp-content\/uploads\/2017\/01\/lali_esposito3-300x277.jpg 300w\" sizes=\"auto, (max-width: 393px) 100vw, 393px\" \/> <img loading=\"lazy\" decoding=\"async\" class=\"alignnone size-full wp-image-49520\" src=\"http:\/\/cordobatimes.com\/showup\/wp-content\/uploads\/2017\/01\/pergolini1.jpg\" alt=\"pergolini\" width=\"576\" height=\"765\" srcset=\"https:\/\/www.cordobatimes.com\/showup\/wp-content\/uploads\/2017\/01\/pergolini1.jpg 576w, https:\/\/www.cordobatimes.com\/showup\/wp-content\/uploads\/2017\/01\/pergolini1-226x300.jpg 226w, https:\/\/www.cordobatimes.com\/showup\/wp-content\/uploads\/2017\/01\/pergolini1-489x650.jpg 489w\" sizes=\"auto, (max-width: 576px) 100vw, 576px\" \/><\/p>\n","protected":false},"excerpt":{"rendered":"<p>La joven actriz y cantante luci\u00f3 su voluptuoso cuerpo con poquita ropa. Lejos de la agitada agenda musical que la llev\u00f3 a recorrer varios pa\u00edses en 2016 con su segundo trabajo discogr\u00e1fico, Soy, Lali Esp\u00f3sito\u00a0 disfruta de sus merecidas vacaciones en Punta del Este, lugar donde recibi\u00f3 el nuevo a\u00f1o con sus padres, Majo y [&hellip;]<\/p>\n","protected":false},"author":1,"featured_media":49516,"comment_status":"closed","ping_status":"closed","sticky":false,"template":"","format":"standard","meta":{"_seopress_robots_primary_cat":"","_seopress_titles_title":"","_seopress_titles_desc":"","_seopress_robots_index":"","footnotes":""},"categories":[4],"tags":[31216,31276],"class_list":{"0":"post-49515","1":"post","2":"type-post","3":"status-publish","4":"format-standard","5":"has-post-thumbnail","7":"category-famosos","8":"tag-lali-esposito-en-punta-del-este","9":"tag-vacaciones-de-lali-esposito-en-punta-del-este"},"_links":{"self":[{"href":"https:\/\/www.cordobatimes.com\/showup\/wp-json\/wp\/v2\/posts\/49515","targetHints":{"allow":["GET"]}}],"collection":[{"href":"https:\/\/www.cordobatimes.com\/showup\/wp-json\/wp\/v2\/posts"}],"about":[{"href":"https:\/\/www.cordobatimes.com\/showup\/wp-json\/wp\/v2\/types\/post"}],"author":[{"embeddable":true,"href":"https:\/\/www.cordobatimes.com\/showup\/wp-json\/wp\/v2\/users\/1"}],"replies":[{"embeddable":true,"href":"https:\/\/www.cordobatimes.com\/showup\/wp-json\/wp\/v2\/comments?post=49515"}],"version-history":[{"count":0,"href":"https:\/\/www.cordobatimes.com\/showup\/wp-json\/wp\/v2\/posts\/49515\/revisions"}],"wp:featuredmedia":[{"embeddable":true,"href":"https:\/\/www.cordobatimes.com\/showup\/wp-json\/wp\/v2\/media\/49516"}],"wp:attachment":[{"href":"https:\/\/www.cordobatimes.com\/showup\/wp-json\/wp\/v2\/media?parent=49515"}],"wp:term":[{"taxonomy":"category","embeddable":true,"href":"https:\/\/www.cordobatimes.com\/showup\/wp-json\/wp\/v2\/categories?post=49515"},{"taxonomy":"post_tag","embeddable":true,"href":"https:\/\/www.cordobatimes.com\/showup\/wp-json\/wp\/v2\/tags?post=49515"}],"curies":[{"name":"wp","href":"https:\/\/api.w.org\/{rel}","templated":true}]}}