{"id":49487,"date":"2017-01-02T21:16:36","date_gmt":"2017-01-03T00:16:36","guid":{"rendered":"http:\/\/cordobatimes.com\/showup\/?p=49487"},"modified":"2020-05-09T19:34:23","modified_gmt":"2020-05-09T22:34:23","slug":"lali-esposito-acepto-un-divertido-desafio","status":"publish","type":"post","link":"https:\/\/www.cordobatimes.com\/showup\/musica\/2017\/01\/02\/lali-esposito-acepto-un-divertido-desafio\/","title":{"rendered":"Lali Esp\u00f3sito acept\u00f3 un divertido desafi\u00f3"},"content":{"rendered":"<h3><strong>La actriz y cantante acept\u00f3 el desaf\u00edo propuesto por Mat\u00edas Napp, y lo comparti\u00f3 en la red.<\/strong><\/h3>\n<p>El\u00a0 core\u00f3grafo Mat\u00edas Napp propuso en Instagram el \u201cDesaf\u00edo baila\u201d. \u201cAprendete la coreograf\u00eda con el tema \u2018Pull-Up\u2019 de Jason Derulo y bail\u00e1\u201d, plante\u00f3.<\/p>\n<blockquote class=\"instagram-media\" style=\"background: #FFF; border: 0; border-radius: 3px; box-shadow: 0 0 1px 0 rgba(0,0,0,0.5),0 1px 10px 0 rgba(0,0,0,0.15); margin: 1px; max-width: 658px; padding: 0; width: calc(100% - 2px);\" data-instgrm-captioned=\"\" data-instgrm-version=\"7\">\n<div style=\"padding: 8px;\">\n<div style=\"background: #F8F8F8; line-height: 0; margin-top: 40px; padding: 62.4305555556% 0; text-align: center; width: 100%;\"><\/div>\n<p style=\"margin: 8px 0 0 0; padding: 0 4px;\"><a style=\"color: #000; font-family: Arial,sans-serif; font-size: 14px; font-style: normal; font-weight: normal; line-height: 17px; text-decoration: none; word-wrap: break-word;\" href=\"https:\/\/www.instagram.com\/p\/BOxZYLXD2W7\/\" target=\"_blank\" rel=\"noopener noreferrer\">#Desafiobaila a la N&#8217;1 @laliespositoo Se animar\u00e1? <\/a><\/p>\n<p style=\"color: #c9c8cd; font-family: Arial,sans-serif; font-size: 14px; line-height: 17px; margin-bottom: 0; margin-top: 8px; overflow: hidden; padding: 8px 0 7px; text-align: center; text-overflow: ellipsis; white-space: nowrap;\">Un v\u00eddeo publicado por Mati Napp (@matiasnapp) el <time style=\"font-family: Arial,sans-serif; font-size: 14px; line-height: 17px;\" datetime=\"2017-01-02T18:20:18+00:00\">2 de Ene de 2017 a la(s) 10:20 PST<\/time><\/p>\n<\/div>\n<\/blockquote>\n<p><script src=\"\/\/platform.instagram.com\/en_US\/embeds.js\" async=\"\" defer=\"defer\"><\/script>Lejos de achicarse, y estando de vacaciones, Lali mostr\u00f3 sus ya conocidos dotes para el baile y la rompi\u00f3 con sus movimientos sensuales.<\/p>\n<blockquote class=\"instagram-media\" style=\"background: #FFF; border: 0; border-radius: 3px; box-shadow: 0 0 1px 0 rgba(0,0,0,0.5),0 1px 10px 0 rgba(0,0,0,0.15); margin: 1px; max-width: 658px; padding: 0; width: calc(100% - 2px);\" data-instgrm-captioned=\"\" data-instgrm-version=\"7\">\n<div style=\"padding: 8px;\">\n<div style=\"background: #F8F8F8; line-height: 0; margin-top: 40px; padding: 28.2638888889% 0; text-align: center; width: 100%;\"><\/div>\n<p><a style=\"color: #000; font-family: Arial,sans-serif; font-size: 14px; font-style: normal; font-weight: normal; line-height: 17px; text-decoration: none; word-wrap: break-word;\" href=\"https:\/\/www.instagram.com\/p\/BOxZOY0D2M7\/\" target=\"_blank\" rel=\"noopener noreferrer\">Toma pa&#8217; vo&#8217; @matiasnapp mi #desafiobaila desde mis vacas! <\/a><\/p>\n<p>Un v\u00eddeo publicado por Lali (@laliespositoo) el <time style=\"font-family: Arial,sans-serif; font-size: 14px; line-height: 17px;\" datetime=\"2017-01-02T18:18:58+00:00\">2 de Ene de 2017 a la(s) 10:18 PST<\/time><\/p>\n<\/div>\n<\/blockquote>\n<p><script src=\"\/\/platform.instagram.com\/en_US\/embeds.js\" async=\"\" defer=\"defer\"><\/script><\/p>\n","protected":false},"excerpt":{"rendered":"<p>La actriz y cantante acept\u00f3 el desaf\u00edo propuesto por Mat\u00edas Napp, y lo comparti\u00f3 en la red. El\u00a0 core\u00f3grafo Mat\u00edas Napp propuso en Instagram el \u201cDesaf\u00edo baila\u201d. \u201cAprendete la coreograf\u00eda con el tema \u2018Pull-Up\u2019 de Jason Derulo y bail\u00e1\u201d, plante\u00f3. #Desafiobaila a la N&#8217;1 @laliespositoo Se animar\u00e1? Un v\u00eddeo publicado por Mati Napp (@matiasnapp) el [&hellip;]<\/p>\n","protected":false},"author":1,"featured_media":49488,"comment_status":"closed","ping_status":"closed","sticky":false,"template":"","format":"standard","meta":{"_seopress_robots_primary_cat":"","_seopress_titles_title":"","_seopress_titles_desc":"","_seopress_robots_index":"","footnotes":""},"categories":[5],"tags":[31284,31283],"class_list":{"0":"post-49487","1":"post","2":"type-post","3":"status-publish","4":"format-standard","5":"has-post-thumbnail","7":"category-musica","8":"tag-lali-esposito-pull-up-de-jason-derulo","9":"tag-lali-esposito-desafio-baila"},"_links":{"self":[{"href":"https:\/\/www.cordobatimes.com\/showup\/wp-json\/wp\/v2\/posts\/49487","targetHints":{"allow":["GET"]}}],"collection":[{"href":"https:\/\/www.cordobatimes.com\/showup\/wp-json\/wp\/v2\/posts"}],"about":[{"href":"https:\/\/www.cordobatimes.com\/showup\/wp-json\/wp\/v2\/types\/post"}],"author":[{"embeddable":true,"href":"https:\/\/www.cordobatimes.com\/showup\/wp-json\/wp\/v2\/users\/1"}],"replies":[{"embeddable":true,"href":"https:\/\/www.cordobatimes.com\/showup\/wp-json\/wp\/v2\/comments?post=49487"}],"version-history":[{"count":0,"href":"https:\/\/www.cordobatimes.com\/showup\/wp-json\/wp\/v2\/posts\/49487\/revisions"}],"wp:featuredmedia":[{"embeddable":true,"href":"https:\/\/www.cordobatimes.com\/showup\/wp-json\/wp\/v2\/media\/49488"}],"wp:attachment":[{"href":"https:\/\/www.cordobatimes.com\/showup\/wp-json\/wp\/v2\/media?parent=49487"}],"wp:term":[{"taxonomy":"category","embeddable":true,"href":"https:\/\/www.cordobatimes.com\/showup\/wp-json\/wp\/v2\/categories?post=49487"},{"taxonomy":"post_tag","embeddable":true,"href":"https:\/\/www.cordobatimes.com\/showup\/wp-json\/wp\/v2\/tags?post=49487"}],"curies":[{"name":"wp","href":"https:\/\/api.w.org\/{rel}","templated":true}]}}