{"id":49317,"date":"2016-12-26T12:42:00","date_gmt":"2016-12-26T15:42:00","guid":{"rendered":"http:\/\/cordobatimes.com\/showup\/?p=49317"},"modified":"2020-04-25T21:27:27","modified_gmt":"2020-04-26T00:27:27","slug":"la-cuenta-oficial-de-sony-anuncio-la-muerte-de-britney-spears-debido-a-un-hackeo","status":"publish","type":"post","link":"https:\/\/www.cordobatimes.com\/showup\/musica\/2016\/12\/26\/la-cuenta-oficial-de-sony-anuncio-la-muerte-de-britney-spears-debido-a-un-hackeo\/","title":{"rendered":"La cuenta oficial de Sony anunci\u00f3 la muerte de Britney Spears debido a un hackeo"},"content":{"rendered":"<h3><strong>El Twitter oficial de Sony Music Global twite\u00f3 que la cantante pop hab\u00eda muerto debido a un accidente. Se paralizaron las redes.<\/strong><\/h3>\n<p>El mundo\u00a0art\u00edstico se volvi\u00f3 a frenar con la noticia brindada por la cuenta oficial de Sony Music a nivel mundial: desde Twitter, anunciaron la muerte de Britney Spears debido a \u00abun accidente\u00bb.<\/p>\n<div><\/div>\n<div>El mensaje tuvo un rebote a nivel mundial debido a la gran cantidad de \u00abme gusta\u00bb y de retuits. Fueron dos mensajes sospechosos.<\/div>\n<div><\/div>\n<div>Minutos despu\u00e9s, la cuenta @SonyMusicGlobal, desde donde se hab\u00edan tuiteado los mensajes, inform\u00f3 que fueron hackeados y que Britney \u00aba\u00fan est\u00e1 viva\u00bb.<\/div>\n<div><\/div>\n<div>La estrella pop tiene 35 a\u00f1os y much\u00edsimo tiempo m\u00e1s para seguir deleitando a sus fans.<\/div>\n<div><\/div>\n<div><img loading=\"lazy\" decoding=\"async\" class=\"alignnone size-full wp-image-49319\" src=\"http:\/\/cordobatimes.com\/showup\/wp-content\/uploads\/2016\/12\/viciconte_21.jpg\" alt=\"viciconte_2\" width=\"782\" height=\"440\" srcset=\"https:\/\/www.cordobatimes.com\/showup\/wp-content\/uploads\/2016\/12\/viciconte_21.jpg 782w, https:\/\/www.cordobatimes.com\/showup\/wp-content\/uploads\/2016\/12\/viciconte_21-300x169.jpg 300w, https:\/\/www.cordobatimes.com\/showup\/wp-content\/uploads\/2016\/12\/viciconte_21-650x366.jpg 650w\" sizes=\"auto, (max-width: 782px) 100vw, 782px\" \/><\/div>\n<div><\/div>\n<h3><\/h3>\n","protected":false},"excerpt":{"rendered":"<p>El Twitter oficial de Sony Music Global twite\u00f3 que la cantante pop hab\u00eda muerto debido a un accidente. Se paralizaron las redes. El mundo\u00a0art\u00edstico se volvi\u00f3 a frenar con la noticia brindada por la cuenta oficial de Sony Music a nivel mundial: desde Twitter, anunciaron la muerte de Britney Spears debido a \u00abun accidente\u00bb. El [&hellip;]<\/p>\n","protected":false},"author":1,"featured_media":49318,"comment_status":"closed","ping_status":"closed","sticky":false,"template":"","format":"standard","meta":{"_seopress_robots_primary_cat":"","_seopress_titles_title":"","_seopress_titles_desc":"","_seopress_robots_index":"","footnotes":""},"categories":[5],"tags":[31098],"class_list":{"0":"post-49317","1":"post","2":"type-post","3":"status-publish","4":"format-standard","5":"has-post-thumbnail","7":"category-musica","8":"tag-cuenta-oficial-de-sony-muerte-de-britney-spears"},"_links":{"self":[{"href":"https:\/\/www.cordobatimes.com\/showup\/wp-json\/wp\/v2\/posts\/49317","targetHints":{"allow":["GET"]}}],"collection":[{"href":"https:\/\/www.cordobatimes.com\/showup\/wp-json\/wp\/v2\/posts"}],"about":[{"href":"https:\/\/www.cordobatimes.com\/showup\/wp-json\/wp\/v2\/types\/post"}],"author":[{"embeddable":true,"href":"https:\/\/www.cordobatimes.com\/showup\/wp-json\/wp\/v2\/users\/1"}],"replies":[{"embeddable":true,"href":"https:\/\/www.cordobatimes.com\/showup\/wp-json\/wp\/v2\/comments?post=49317"}],"version-history":[{"count":0,"href":"https:\/\/www.cordobatimes.com\/showup\/wp-json\/wp\/v2\/posts\/49317\/revisions"}],"wp:featuredmedia":[{"embeddable":true,"href":"https:\/\/www.cordobatimes.com\/showup\/wp-json\/wp\/v2\/media\/49318"}],"wp:attachment":[{"href":"https:\/\/www.cordobatimes.com\/showup\/wp-json\/wp\/v2\/media?parent=49317"}],"wp:term":[{"taxonomy":"category","embeddable":true,"href":"https:\/\/www.cordobatimes.com\/showup\/wp-json\/wp\/v2\/categories?post=49317"},{"taxonomy":"post_tag","embeddable":true,"href":"https:\/\/www.cordobatimes.com\/showup\/wp-json\/wp\/v2\/tags?post=49317"}],"curies":[{"name":"wp","href":"https:\/\/api.w.org\/{rel}","templated":true}]}}