{"id":49169,"date":"2016-12-19T13:45:42","date_gmt":"2016-12-19T16:45:42","guid":{"rendered":"http:\/\/cordobatimes.com\/showup\/?p=49169"},"modified":"2020-05-01T13:35:45","modified_gmt":"2020-05-01T16:35:45","slug":"nicolas-cabre-hablo-de-su-relacion-con-la-china-suarez-luego-de-su-separacion","status":"publish","type":"post","link":"https:\/\/www.cordobatimes.com\/showup\/famosos\/2016\/12\/19\/nicolas-cabre-hablo-de-su-relacion-con-la-china-suarez-luego-de-su-separacion\/","title":{"rendered":"Nicol\u00e1s Cabr\u00e9 habl\u00f3 de su relaci\u00f3n con La China Su\u00e1rez luego de su separaci\u00f3n"},"content":{"rendered":"<h3><strong>El actor habl\u00f3 sobre el buen v\u00ednculo que mantiene con la mam\u00e1 de su hija Rufina, con quien se separ\u00f3 hace unos a\u00f1os.<\/strong><\/h3>\n<div>Nicol\u00e1s Cabr\u00e9 se refiri\u00f3 a la relaci\u00f3n que sostiene con la madre de su hija Rufina, la actriz Eugenia \u00abLa China\u00bb Su\u00e1rez.<\/div>\n<div><\/div>\n<div><i>\u00abNosotros siempre tuvimos claro c\u00f3mo eran las cosas, y m\u00e1s teniendo una hija, nunca hemos tenido problemas con nuestra relaci\u00f3n despu\u00e9s de separarnos\u00bb<\/i>, afirm\u00f3.<\/div>\n<div><\/div>\n<div>En di\u00e1logo con La Once Diez\/Radio de la Ciudad, sostuvo: \u00abCreo que en su momento fuimos claros y nos dimos cuenta que lo que quer\u00edamos como pareja no se pod\u00eda dar, aceptamos esa realidad, y el cari\u00f1o que nos tenemos sigue existiendo siempre\u00bb.<\/div>\n<div><\/div>\n<div>Aclar\u00f3 entonces: <i>\u00abLa relaci\u00f3n no funcionaba pero seguimos celebrando tener una hija maravillosa. Por suerte Rufi, nunca vivi\u00f3 malos momentos, no nos ve discutir, sabe que nos queremos mucho. Nos quisimos de una manera y ahora nos queremos de otra\u00bb.<\/i><\/div>\n<div><\/div>\n<div>En cuanto a su hija, confes\u00f3: \u00abPara mi hace tres d\u00edas parece que era chiquita, y ahora mi hija es hermosa y ya me habla de sus compa\u00f1eritos con otros tonos\u00bb.<\/div>\n<div><\/div>\n<div>\u00abSiempre quise ser padre y hoy lo estoy disfrutando muchisimo\u00bb. \u00abElla hace que tome todo el resto de responsabilidades y lo laboral con alegr\u00eda, mi hija es el 70% de lo que fue El Quilombero\u00bb, cerr\u00f3.<\/div>\n","protected":false},"excerpt":{"rendered":"<p>El actor habl\u00f3 sobre el buen v\u00ednculo que mantiene con la mam\u00e1 de su hija Rufina, con quien se separ\u00f3 hace unos a\u00f1os. Nicol\u00e1s Cabr\u00e9 se refiri\u00f3 a la relaci\u00f3n que sostiene con la madre de su hija Rufina, la actriz Eugenia \u00abLa China\u00bb Su\u00e1rez. \u00abNosotros siempre tuvimos claro c\u00f3mo eran las cosas, y m\u00e1s [&hellip;]<\/p>\n","protected":false},"author":1,"featured_media":49170,"comment_status":"closed","ping_status":"closed","sticky":false,"template":"","format":"standard","meta":{"_seopress_robots_primary_cat":"","_seopress_titles_title":"","_seopress_titles_desc":"","_seopress_robots_index":"","footnotes":""},"categories":[4],"tags":[31148,24713,31149],"class_list":{"0":"post-49169","1":"post","2":"type-post","3":"status-publish","4":"format-standard","5":"has-post-thumbnail","7":"category-famosos","8":"tag-nicolas-cabre-hablo-de-su-relacion-con-la-china-suarez","9":"tag-nicolas-cabre-y-la-china-suarez","10":"tag-separacion-de-nicolas-cabre-y-la-china-suarez"},"_links":{"self":[{"href":"https:\/\/www.cordobatimes.com\/showup\/wp-json\/wp\/v2\/posts\/49169","targetHints":{"allow":["GET"]}}],"collection":[{"href":"https:\/\/www.cordobatimes.com\/showup\/wp-json\/wp\/v2\/posts"}],"about":[{"href":"https:\/\/www.cordobatimes.com\/showup\/wp-json\/wp\/v2\/types\/post"}],"author":[{"embeddable":true,"href":"https:\/\/www.cordobatimes.com\/showup\/wp-json\/wp\/v2\/users\/1"}],"replies":[{"embeddable":true,"href":"https:\/\/www.cordobatimes.com\/showup\/wp-json\/wp\/v2\/comments?post=49169"}],"version-history":[{"count":0,"href":"https:\/\/www.cordobatimes.com\/showup\/wp-json\/wp\/v2\/posts\/49169\/revisions"}],"wp:featuredmedia":[{"embeddable":true,"href":"https:\/\/www.cordobatimes.com\/showup\/wp-json\/wp\/v2\/media\/49170"}],"wp:attachment":[{"href":"https:\/\/www.cordobatimes.com\/showup\/wp-json\/wp\/v2\/media?parent=49169"}],"wp:term":[{"taxonomy":"category","embeddable":true,"href":"https:\/\/www.cordobatimes.com\/showup\/wp-json\/wp\/v2\/categories?post=49169"},{"taxonomy":"post_tag","embeddable":true,"href":"https:\/\/www.cordobatimes.com\/showup\/wp-json\/wp\/v2\/tags?post=49169"}],"curies":[{"name":"wp","href":"https:\/\/api.w.org\/{rel}","templated":true}]}}