{"id":49041,"date":"2016-12-14T10:43:29","date_gmt":"2016-12-14T13:43:29","guid":{"rendered":"http:\/\/cordobatimes.com\/showup\/?p=49041"},"modified":"2020-05-01T21:25:29","modified_gmt":"2020-05-02T00:25:29","slug":"ego-el-nuevo-video-de-lali-esposito-es-furor-en-las-redes-sociales","status":"publish","type":"post","link":"https:\/\/www.cordobatimes.com\/showup\/musica\/2016\/12\/14\/ego-el-nuevo-video-de-lali-esposito-es-furor-en-las-redes-sociales\/","title":{"rendered":"\u00abEgo\u00bb, el nuevo video de Lali Esp\u00f3sito es furor en las redes sociales"},"content":{"rendered":"<h3><strong>La joven artista present\u00f3 su nueva producci\u00f3n audiovisual y r\u00e1pidamente se convirti\u00f3 en tendencia mundial en Twitter.<\/strong><\/h3>\n<p>Lali Esp\u00f3sito public\u00f3 hoy su nuevo videoclip \u00abEgo\u00bb, del \u00faltimo disco \u00abSoy\u00bb, y arras\u00f3 en las redes sociales.<\/p>\n<p class=\"teads-inread\">\u00a0Sus fans esperaban ansiosos la presentaci\u00f3n de la nueva producci\u00f3n y en pocas horas la publicaci\u00f3n se viraliz\u00f3.<\/p>\n<p>En Twitter, logr\u00f3 ser trending topic mundial y esta ma\u00f1ana encabezaba la lista de las tendencias bajo el hashtag #WatchEgoOnVevo.<\/p>\n<p>A las pocas horas de haberse publicado obtuvo 85.300 mil tuits en la red del pajarito y 15.901 visualizaciones en Youtube.<\/p>\n<p>La artista estuvo esperando que la publicaci\u00f3n junto a sus fans y lo expres\u00f3 a trav\u00e9s de las redes tambi\u00e9n.<\/p>\n<blockquote class=\"instagram-media\" style=\"background: #FFF; border: 0; border-radius: 3px; box-shadow: 0 0 1px 0 rgba(0,0,0,0.5),0 1px 10px 0 rgba(0,0,0,0.15); margin: 1px; max-width: 658px; padding: 0; width: calc(100% - 2px);\" data-instgrm-captioned=\"\" data-instgrm-version=\"7\">\n<div style=\"padding: 8px;\">\n<div style=\"background: #F8F8F8; line-height: 0; margin-top: 40px; padding: 62.4537037037037% 0; text-align: center; width: 100%;\"><\/div>\n<p style=\"margin: 8px 0 0 0; padding: 0 4px;\"><a style=\"color: #000; font-family: Arial,sans-serif; font-size: 14px; font-style: normal; font-weight: normal; line-height: 17px; text-decoration: none; word-wrap: break-word;\" href=\"https:\/\/www.instagram.com\/p\/BN_G_90joFo\/\" target=\"_blank\" rel=\"noopener noreferrer\">Esperando #EGO junto a ustedes y escribiendo. #WatchEgoOnVevo<\/a><\/p>\n<p style=\"color: #c9c8cd; font-family: Arial,sans-serif; font-size: 14px; line-height: 17px; margin-bottom: 0; margin-top: 8px; overflow: hidden; padding: 8px 0 7px; text-align: center; text-overflow: ellipsis; white-space: nowrap;\">Una foto publicada por Lali (@laliespositoo) el <time style=\"font-family: Arial,sans-serif; font-size: 14px; line-height: 17px;\" datetime=\"2016-12-14T05:37:41+00:00\">13 de Dic de 2016 a la(s) 9:37 PST<\/time><\/p>\n<\/div>\n<\/blockquote>\n<p><script src=\"\/\/platform.instagram.com\/en_US\/embeds.js\" async=\"\" defer=\"defer\"><\/script>Luego, oficialmente present\u00f3 su nuevo trabajo en Twitter.<\/p>\n<blockquote class=\"twitter-tweet\" data-lang=\"es\"><p>EGO &#8211;&gt; <a href=\"https:\/\/t.co\/SUt7UWq7Sa\">https:\/\/t.co\/SUt7UWq7Sa<\/a> <a href=\"https:\/\/twitter.com\/hashtag\/NuevoVideo?src=hash\">#NuevoVideo<\/a> <a href=\"https:\/\/twitter.com\/hashtag\/WatchEgoOnVevo?src=hash\">#WatchEgoOnVevo<\/a> Cc <a href=\"https:\/\/twitter.com\/LaliMusica\">@LaliMusica<\/a><\/p>\n<p>\u2014 Lali Esp\u00f3sito (@laliespos) <a href=\"https:\/\/twitter.com\/laliespos\/status\/808948668996927488\">14 de diciembre de 2016<\/a><\/p><\/blockquote>\n<p><script src=\"\/\/platform.twitter.com\/widgets.js\" async=\"\" charset=\"utf-8\"><\/script><\/p>\n<p>Mir\u00e1 lo \u00faltimo de Lali Esp\u00f3sito, la cantante del momento.<\/p>\n<p><iframe loading=\"lazy\" src=\"https:\/\/www.youtube.com\/embed\/o06VNoOqzg8\" width=\"560\" height=\"315\" frameborder=\"0\" allowfullscreen=\"allowfullscreen\"><\/iframe><\/p>\n","protected":false},"excerpt":{"rendered":"<p>La joven artista present\u00f3 su nueva producci\u00f3n audiovisual y r\u00e1pidamente se convirti\u00f3 en tendencia mundial en Twitter. Lali Esp\u00f3sito public\u00f3 hoy su nuevo videoclip \u00abEgo\u00bb, del \u00faltimo disco \u00abSoy\u00bb, y arras\u00f3 en las redes sociales. \u00a0Sus fans esperaban ansiosos la presentaci\u00f3n de la nueva producci\u00f3n y en pocas horas la publicaci\u00f3n se viraliz\u00f3. En Twitter, [&hellip;]<\/p>\n","protected":false},"author":1,"featured_media":49042,"comment_status":"closed","ping_status":"closed","sticky":false,"template":"","format":"standard","meta":{"_seopress_robots_primary_cat":"","_seopress_titles_title":"","_seopress_titles_desc":"","_seopress_robots_index":"","footnotes":""},"categories":[5],"tags":[31160],"class_list":{"0":"post-49041","1":"post","2":"type-post","3":"status-publish","4":"format-standard","5":"has-post-thumbnail","7":"category-musica","8":"tag-lali-esposito-ego"},"_links":{"self":[{"href":"https:\/\/www.cordobatimes.com\/showup\/wp-json\/wp\/v2\/posts\/49041","targetHints":{"allow":["GET"]}}],"collection":[{"href":"https:\/\/www.cordobatimes.com\/showup\/wp-json\/wp\/v2\/posts"}],"about":[{"href":"https:\/\/www.cordobatimes.com\/showup\/wp-json\/wp\/v2\/types\/post"}],"author":[{"embeddable":true,"href":"https:\/\/www.cordobatimes.com\/showup\/wp-json\/wp\/v2\/users\/1"}],"replies":[{"embeddable":true,"href":"https:\/\/www.cordobatimes.com\/showup\/wp-json\/wp\/v2\/comments?post=49041"}],"version-history":[{"count":0,"href":"https:\/\/www.cordobatimes.com\/showup\/wp-json\/wp\/v2\/posts\/49041\/revisions"}],"wp:featuredmedia":[{"embeddable":true,"href":"https:\/\/www.cordobatimes.com\/showup\/wp-json\/wp\/v2\/media\/49042"}],"wp:attachment":[{"href":"https:\/\/www.cordobatimes.com\/showup\/wp-json\/wp\/v2\/media?parent=49041"}],"wp:term":[{"taxonomy":"category","embeddable":true,"href":"https:\/\/www.cordobatimes.com\/showup\/wp-json\/wp\/v2\/categories?post=49041"},{"taxonomy":"post_tag","embeddable":true,"href":"https:\/\/www.cordobatimes.com\/showup\/wp-json\/wp\/v2\/tags?post=49041"}],"curies":[{"name":"wp","href":"https:\/\/api.w.org\/{rel}","templated":true}]}}