{"id":49011,"date":"2016-12-13T00:11:26","date_gmt":"2016-12-13T03:11:26","guid":{"rendered":"http:\/\/cordobatimes.com\/showup\/?p=49011"},"modified":"2020-05-02T08:52:10","modified_gmt":"2020-05-02T11:52:10","slug":"lali-esposito-se-quemo-el-pie-en-su-ultimo-show-del-ano-pero-canto-igual","status":"publish","type":"post","link":"https:\/\/www.cordobatimes.com\/showup\/musica\/2016\/12\/13\/lali-esposito-se-quemo-el-pie-en-su-ultimo-show-del-ano-pero-canto-igual\/","title":{"rendered":"Lali Esp\u00f3sito se quem\u00f3 el pie en su \u00faltimo show del a\u00f1o, pero cant\u00f3 igual"},"content":{"rendered":"<h3><strong>La cantante tuvo que reprogramar su show para el 23 de enero.<\/strong><\/h3>\n<p>Minutos antes de salir a escena, \u00a0Lali \u00a0se\u00a0quem\u00f3 la planta del pie. pero con el profesionalismo que la caracteriza, canto algunas canciones sentada y reprogramo su show para el 23 de enero pr\u00f3ximo.<\/p>\n<blockquote class=\"twitter-video\" data-lang=\"es\">\n<p dir=\"ltr\" lang=\"es\">LALI EXPLICANDO QUE LE PAS\u00d3 <a href=\"https:\/\/t.co\/tHqtynGCZ6\">pic.twitter.com\/tHqtynGCZ6<\/a><\/p>\n<p>\u2014 HOY (@lalixreina) <a href=\"https:\/\/twitter.com\/lalixreina\/status\/808484442125770752\">13 de diciembre de 2016<\/a><\/p><\/blockquote>\n<p><script async src=\"\/\/platform.twitter.com\/widgets.js\" charset=\"utf-8\"><\/script><\/p>\n<blockquote class=\"instagram-media\" style=\"background: #FFF; border: 0; border-radius: 3px; box-shadow: 0 0 1px 0 rgba(0,0,0,0.5),0 1px 10px 0 rgba(0,0,0,0.15); margin: 1px; max-width: 658px; padding: 0; width: calc(100% - 2px);\" data-instgrm-captioned=\"\" data-instgrm-version=\"7\">\n<div style=\"padding: 8px;\">\n<div style=\"background: #F8F8F8; line-height: 0; margin-top: 40px; padding: 50.0% 0; text-align: center; width: 100%;\">\n<div style=\"background: url(data:image\/png; base64,ivborw0kggoaaaansuheugaaacwaaaascamaaaapwqozaaaabgdbtueaalgpc\/xhbqaaaafzukdcak7ohokaaaamuexurczmzpf399fx1+bm5mzy9amaaadisurbvdjlvzxbesmgces5\/p8\/t9furvcrmu73jwlzosgsiizurcjo\/ad+eqjjb4hv8bft+idpqocx1wjosbfhh2xssxeiyn3uli\/6mnree07uiwjev8ueowds88ly97kqytlijkktuybbruayvh5wohixmpi5we58ek028czwyuqdlkpg1bkb4nnm+veanfhqn1k4+gpt6ugqcvu2h2ovuif\/gwufyy8owepdyzsa3avcqpvovvzzz2vtnn2wu8qzvjddeto90gsy9mvlqtgysy231mxry6i2ggqjrty0l8fxcxfcbbhwrsyyaaaaaelftksuqmcc); display: block; height: 44px; margin: 0 auto -44px; position: relative; top: -22px; width: 44px;\"><\/div>\n<\/div>\n<p style=\"margin: 8px 0 0 0; padding: 0 4px;\"><a style=\"color: #000; font-family: Arial,sans-serif; font-size: 14px; font-style: normal; font-weight: normal; line-height: 17px; text-decoration: none; word-wrap: break-word;\" href=\"https:\/\/www.instagram.com\/p\/BN8IgtZjuab\/\" target=\"_blank\" rel=\"noopener noreferrer\">Se reprograma el show especial de @claroargentina al 23 de enero Como ya saben los presentes me lastime feo el pie a ultimo momento, antes de salir&#8230;horrible! Sali a regalarles (y regalarME) aunque sea un momento y fue HERMOSO. Que emocion que sean asi conmigo! No dejo nunca de sentirme bendecida de estar en el escenario en cualquier situacion . La musica es TODO! Gracias de nuevo! #MAGIA #lasCancionesSonlaVerdad AH! Guarden sus entradas para el 23 \u2764\ufe0f<\/a><\/p>\n<p style=\"color: #c9c8cd; font-family: Arial,sans-serif; font-size: 14px; line-height: 17px; margin-bottom: 0; margin-top: 8px; overflow: hidden; padding: 8px 0 7px; text-align: center; text-overflow: ellipsis; white-space: nowrap;\">Una foto publicada por Lali (@laliespositoo) el <time style=\"font-family: Arial,sans-serif; font-size: 14px; line-height: 17px;\" datetime=\"2016-12-13T01:53:10+00:00\">12 de Dic de 2016 a la(s) 5:53 PST<\/time><\/p>\n<\/div>\n<\/blockquote>\n<p><script async defer src=\"\/\/platform.instagram.com\/en_US\/embeds.js\"><\/script><\/p>\n","protected":false},"excerpt":{"rendered":"<p>La cantante tuvo que reprogramar su show para el 23 de enero. Minutos antes de salir a escena, \u00a0Lali \u00a0se\u00a0quem\u00f3 la planta del pie. pero con el profesionalismo que la caracteriza, canto algunas canciones sentada y reprogramo su show para el 23 de enero pr\u00f3ximo. LALI EXPLICANDO QUE LE PAS\u00d3 pic.twitter.com\/tHqtynGCZ6 \u2014 HOY (@lalixreina) 13 [&hellip;]<\/p>\n","protected":false},"author":1,"featured_media":49012,"comment_status":"closed","ping_status":"closed","sticky":false,"template":"","format":"standard","meta":{"_seopress_robots_primary_cat":"","_seopress_titles_title":"","_seopress_titles_desc":"","_seopress_robots_index":"","footnotes":""},"categories":[5],"tags":[31162,31161,31163],"class_list":{"0":"post-49011","1":"post","2":"type-post","3":"status-publish","4":"format-standard","5":"has-post-thumbnail","7":"category-musica","8":"tag-accidente-de-lali-esposito","9":"tag-lali-esposito-se-quemo-el-pie","10":"tag-lali-se-quemo-el-pie-en-un-show"},"_links":{"self":[{"href":"https:\/\/www.cordobatimes.com\/showup\/wp-json\/wp\/v2\/posts\/49011","targetHints":{"allow":["GET"]}}],"collection":[{"href":"https:\/\/www.cordobatimes.com\/showup\/wp-json\/wp\/v2\/posts"}],"about":[{"href":"https:\/\/www.cordobatimes.com\/showup\/wp-json\/wp\/v2\/types\/post"}],"author":[{"embeddable":true,"href":"https:\/\/www.cordobatimes.com\/showup\/wp-json\/wp\/v2\/users\/1"}],"replies":[{"embeddable":true,"href":"https:\/\/www.cordobatimes.com\/showup\/wp-json\/wp\/v2\/comments?post=49011"}],"version-history":[{"count":0,"href":"https:\/\/www.cordobatimes.com\/showup\/wp-json\/wp\/v2\/posts\/49011\/revisions"}],"wp:featuredmedia":[{"embeddable":true,"href":"https:\/\/www.cordobatimes.com\/showup\/wp-json\/wp\/v2\/media\/49012"}],"wp:attachment":[{"href":"https:\/\/www.cordobatimes.com\/showup\/wp-json\/wp\/v2\/media?parent=49011"}],"wp:term":[{"taxonomy":"category","embeddable":true,"href":"https:\/\/www.cordobatimes.com\/showup\/wp-json\/wp\/v2\/categories?post=49011"},{"taxonomy":"post_tag","embeddable":true,"href":"https:\/\/www.cordobatimes.com\/showup\/wp-json\/wp\/v2\/tags?post=49011"}],"curies":[{"name":"wp","href":"https:\/\/api.w.org\/{rel}","templated":true}]}}