{"id":48963,"date":"2016-12-10T10:15:21","date_gmt":"2016-12-10T13:15:21","guid":{"rendered":"http:\/\/cordobatimes.com\/showup\/?p=48963"},"modified":"2020-05-02T09:33:42","modified_gmt":"2020-05-02T12:33:42","slug":"la-pregunta-indiscreta-de-tinelli-a-fede-bal-y-laurita-fernandez","status":"publish","type":"post","link":"https:\/\/www.cordobatimes.com\/showup\/showmatch\/2016\/12\/10\/la-pregunta-indiscreta-de-tinelli-a-fede-bal-y-laurita-fernandez\/","title":{"rendered":"La pregunta indiscreta de Tinelli a Fede Bal y Laurita Fern\u00e1ndez"},"content":{"rendered":"<h3><strong>El conductor de ShowMatch indag\u00f3 a los participantes y gener\u00f3 un clima de muchos interrogantes en la pista.<\/strong><\/h3>\n<p>Luego de las especulaciones que se generaron con una coreograf\u00eda de Federico Bal yLaurita Fern\u00e1ndez -quienes enfrentan fuertes rumores de romance- en ShowMatch, Marcelo Tinelli fue directo e indag\u00f3 a los participantes.<\/p>\n<p><iframe loading=\"lazy\" src=\"https:\/\/www.youtube.com\/embed\/yJ3-f1AUv3A\" width=\"560\" height=\"315\" frameborder=\"0\" allowfullscreen=\"allowfullscreen\"><\/iframe><\/p>\n","protected":false},"excerpt":{"rendered":"<p>El conductor de ShowMatch indag\u00f3 a los participantes y gener\u00f3 un clima de muchos interrogantes en la pista. Luego de las especulaciones que se generaron con una coreograf\u00eda de Federico Bal yLaurita Fern\u00e1ndez -quienes enfrentan fuertes rumores de romance- en ShowMatch, Marcelo Tinelli fue directo e indag\u00f3 a los participantes.<\/p>\n","protected":false},"author":1,"featured_media":48964,"comment_status":"closed","ping_status":"closed","sticky":false,"template":"","format":"standard","meta":{"_seopress_robots_primary_cat":"","_seopress_titles_title":"","_seopress_titles_desc":"","_seopress_robots_index":"","footnotes":""},"categories":[477],"tags":[15872],"class_list":{"0":"post-48963","1":"post","2":"type-post","3":"status-publish","4":"format-standard","5":"has-post-thumbnail","7":"category-showmatch","8":"tag-fede-bal-y-laurita-fernandez"},"_links":{"self":[{"href":"https:\/\/www.cordobatimes.com\/showup\/wp-json\/wp\/v2\/posts\/48963","targetHints":{"allow":["GET"]}}],"collection":[{"href":"https:\/\/www.cordobatimes.com\/showup\/wp-json\/wp\/v2\/posts"}],"about":[{"href":"https:\/\/www.cordobatimes.com\/showup\/wp-json\/wp\/v2\/types\/post"}],"author":[{"embeddable":true,"href":"https:\/\/www.cordobatimes.com\/showup\/wp-json\/wp\/v2\/users\/1"}],"replies":[{"embeddable":true,"href":"https:\/\/www.cordobatimes.com\/showup\/wp-json\/wp\/v2\/comments?post=48963"}],"version-history":[{"count":0,"href":"https:\/\/www.cordobatimes.com\/showup\/wp-json\/wp\/v2\/posts\/48963\/revisions"}],"wp:featuredmedia":[{"embeddable":true,"href":"https:\/\/www.cordobatimes.com\/showup\/wp-json\/wp\/v2\/media\/48964"}],"wp:attachment":[{"href":"https:\/\/www.cordobatimes.com\/showup\/wp-json\/wp\/v2\/media?parent=48963"}],"wp:term":[{"taxonomy":"category","embeddable":true,"href":"https:\/\/www.cordobatimes.com\/showup\/wp-json\/wp\/v2\/categories?post=48963"},{"taxonomy":"post_tag","embeddable":true,"href":"https:\/\/www.cordobatimes.com\/showup\/wp-json\/wp\/v2\/tags?post=48963"}],"curies":[{"name":"wp","href":"https:\/\/api.w.org\/{rel}","templated":true}]}}