{"id":48941,"date":"2016-12-09T11:12:25","date_gmt":"2016-12-09T14:12:25","guid":{"rendered":"http:\/\/cordobatimes.com\/showup\/?p=48941"},"modified":"2020-05-02T10:00:00","modified_gmt":"2020-05-02T13:00:00","slug":"tini-stoessel-lanzo-su-videoclip-got-me-started","status":"publish","type":"post","link":"https:\/\/www.cordobatimes.com\/showup\/musica\/2016\/12\/09\/tini-stoessel-lanzo-su-videoclip-got-me-started\/","title":{"rendered":"Tini Stoessel lanz\u00f3 su  videoclip  \u00abGot me started\u00bb"},"content":{"rendered":"<p>Tini Stoessel acaba de lanzar un nuevo videoclip con el mismo nombre que su gira. La joven ha publicado el v\u00eddeo de Got Me Started para calentar motores y hacer m\u00e1s amena la espera de esa gran gira europea que arrancar\u00e1 el 18 de marzo en Madrid.<\/p>\n<p>Hace unas semanas, La cantante anunci\u00f3 a trav\u00e9s de las redes sociales la \u00fanica fecha en la que se subir\u00e1 a un escenario espa\u00f1ol con su Tour. Tini Stoessel lleva muchos meses trabajando en este show con el que sorprender\u00e1 a miles de seguidores por toda Europa,y har\u00e1 vibrar a todo el p\u00fablico con su gran voz y sus grandes \u00e9xitos musicales de su primer disco.<\/p>\n<p>Aunque est\u00e1 inmersa en su debut en solitario encima de los escenarios. Tini ha sacado tiempo para lanzar este nuevo videoclip en el que muestra su lado m\u00e1s sexy con varias coreograf\u00edas muy sensuales al ritmo de Got Me Started.<\/p>\n<p><iframe loading=\"lazy\" src=\"https:\/\/www.youtube.com\/embed\/LVrG3aJ235I\" width=\"560\" height=\"315\" frameborder=\"0\" allowfullscreen=\"allowfullscreen\"><\/iframe><\/p>\n","protected":false},"excerpt":{"rendered":"<p>Tini Stoessel acaba de lanzar un nuevo videoclip con el mismo nombre que su gira. La joven ha publicado el v\u00eddeo de Got Me Started para calentar motores y hacer m\u00e1s amena la espera de esa gran gira europea que arrancar\u00e1 el 18 de marzo en Madrid. Hace unas semanas, La cantante anunci\u00f3 a trav\u00e9s [&hellip;]<\/p>\n","protected":false},"author":1,"featured_media":48942,"comment_status":"closed","ping_status":"closed","sticky":false,"template":"","format":"standard","meta":{"_seopress_robots_primary_cat":"","_seopress_titles_title":"","_seopress_titles_desc":"","_seopress_robots_index":"","footnotes":""},"categories":[5],"tags":[31176],"class_list":{"0":"post-48941","1":"post","2":"type-post","3":"status-publish","4":"format-standard","5":"has-post-thumbnail","7":"category-musica","8":"tag-tini-stoessel-got-me-started"},"_links":{"self":[{"href":"https:\/\/www.cordobatimes.com\/showup\/wp-json\/wp\/v2\/posts\/48941","targetHints":{"allow":["GET"]}}],"collection":[{"href":"https:\/\/www.cordobatimes.com\/showup\/wp-json\/wp\/v2\/posts"}],"about":[{"href":"https:\/\/www.cordobatimes.com\/showup\/wp-json\/wp\/v2\/types\/post"}],"author":[{"embeddable":true,"href":"https:\/\/www.cordobatimes.com\/showup\/wp-json\/wp\/v2\/users\/1"}],"replies":[{"embeddable":true,"href":"https:\/\/www.cordobatimes.com\/showup\/wp-json\/wp\/v2\/comments?post=48941"}],"version-history":[{"count":0,"href":"https:\/\/www.cordobatimes.com\/showup\/wp-json\/wp\/v2\/posts\/48941\/revisions"}],"wp:featuredmedia":[{"embeddable":true,"href":"https:\/\/www.cordobatimes.com\/showup\/wp-json\/wp\/v2\/media\/48942"}],"wp:attachment":[{"href":"https:\/\/www.cordobatimes.com\/showup\/wp-json\/wp\/v2\/media?parent=48941"}],"wp:term":[{"taxonomy":"category","embeddable":true,"href":"https:\/\/www.cordobatimes.com\/showup\/wp-json\/wp\/v2\/categories?post=48941"},{"taxonomy":"post_tag","embeddable":true,"href":"https:\/\/www.cordobatimes.com\/showup\/wp-json\/wp\/v2\/tags?post=48941"}],"curies":[{"name":"wp","href":"https:\/\/api.w.org\/{rel}","templated":true}]}}