{"id":48893,"date":"2016-12-07T22:26:52","date_gmt":"2016-12-08T01:26:52","guid":{"rendered":"http:\/\/cordobatimes.com\/showup\/?p=48893"},"modified":"2020-05-02T21:14:44","modified_gmt":"2020-05-03T00:14:44","slug":"lali-esposito-lloro-de-emocion-en-pleno-show","status":"publish","type":"post","link":"https:\/\/www.cordobatimes.com\/showup\/musica\/2016\/12\/07\/lali-esposito-lloro-de-emocion-en-pleno-show\/","title":{"rendered":"Lali Esp\u00f3sito llor\u00f3 de emoci\u00f3n en pleno show"},"content":{"rendered":"<h3><strong>La cantante cant\u00f3 en Montevideo y se conmovi\u00f3 arriba del escenario\u00a0por el apoyo de sus fans.<\/strong><\/h3>\n<p>En medio de un show que dio en Montevideo, parte de su gira Soy Tour,\u00a0Lali\u00a0Esp\u00f3sito<strong>\u00a0<\/strong>se mostr\u00f3 conmovida por el apoyo que siempre le dan sus fan\u00e1ticos. Un video filmado en el Teatro del Verano, donde dio el show para miles de personas, la muestra totalmente quebrada.<\/p>\n<blockquote class=\"twitter-video\" data-lang=\"es\">\n<p dir=\"ltr\" lang=\"es\">Llora ella, lloro yo! Est\u00e1s en mi coraz\u00f3n <a href=\"https:\/\/t.co\/XMYx42nyYX\">pic.twitter.com\/XMYx42nyYX<\/a> \u2764<\/p>\n<p>\u2014 #SOY \u2764 (@AmorrXLali) <a href=\"https:\/\/twitter.com\/AmorrXLali\/status\/806356989139886080\">7 de diciembre de 2016<\/a><\/p><\/blockquote>\n<p><script src=\"\/\/platform.twitter.com\/widgets.js\" async=\"\" charset=\"utf-8\"><\/script><\/p>\n<blockquote class=\"twitter-video\" data-lang=\"es\"><p>COMO LLORA MI VIDA LA QUIERO ABRAZAR <a href=\"https:\/\/t.co\/8rwdXTdpf9\">pic.twitter.com\/8rwdXTdpf9<\/a><\/p>\n<p>\u2014 MI REINA (@LaliReinaUnica) <a href=\"https:\/\/twitter.com\/LaliReinaUnica\/status\/806479897342447616\">7 de diciembre de 2016<\/a><\/p><\/blockquote>\n<p><script src=\"\/\/platform.twitter.com\/widgets.js\" async=\"\" charset=\"utf-8\"><\/script><\/p>\n<p>\u00abFue un a\u00f1o de muchas cosas para mi en lo profesional y en lo personal\u00bb, asegur\u00f3 la cantante m\u00e1s calmada, luego de ver durante unos minutos a la multitud que hab\u00eda en el lugar y romper en llanto. \u00abMuchas gracias porque yo s\u00e9 qui\u00e9n soy y ustedes saben qui\u00e9n soy, como dice la canci\u00f3n\u00bb, sigui\u00f3, mientras se secaba las l\u00e1grimas.<\/p>\n<p>Un d\u00eda despu\u00e9s desde Instagram, la actriz revivi\u00f3 el momento y sigui\u00f3 dedic\u00e1ndole palabras a sus seguidores: \u00abSiempre estuvieron ah\u00ed banc\u00e1ndome\u00bb, enfatiz\u00f3.<\/p>\n<blockquote class=\"instagram-media\" style=\"background: #FFF; border: 0; border-radius: 3px; box-shadow: 0 0 1px 0 rgba(0,0,0,0.5),0 1px 10px 0 rgba(0,0,0,0.15); margin: 1px; max-width: 658px; padding: 0; width: calc(100% - 2px);\" data-instgrm-captioned=\"\" data-instgrm-version=\"7\">\n<div style=\"padding: 8px;\">\n<div style=\"background: #F8F8F8; line-height: 0; margin-top: 40px; padding: 28.125% 0; text-align: center; width: 100%;\"><\/div>\n<p style=\"margin: 8px 0 0 0; padding: 0 4px;\"><a style=\"color: #000; font-family: Arial,sans-serif; font-size: 14px; font-style: normal; font-weight: normal; line-height: 17px; text-decoration: none; word-wrap: break-word;\" href=\"https:\/\/www.instagram.com\/p\/BNuj7szDNqf\/\" target=\"_blank\" rel=\"noopener noreferrer\">\u00abFue un a\u00f1o de muchas cosas para mi en lo profesional y en lo personal\u00bb Siempre estuvieron ahi bancandome. Gracias \u2764\ufe0f #SOYtour #LaliEnUruguay #UltimoShowInternacional2016<\/a><\/p>\n<p style=\"color: #c9c8cd; font-family: Arial,sans-serif; font-size: 14px; line-height: 17px; margin-bottom: 0; margin-top: 8px; overflow: hidden; padding: 8px 0 7px; text-align: center; text-overflow: ellipsis; white-space: nowrap;\">Un v\u00eddeo publicado por Lali (@laliespositoo) el <time style=\"font-family: Arial,sans-serif; font-size: 14px; line-height: 17px;\" datetime=\"2016-12-07T19:23:25+00:00\">7 de Dic de 2016 a la(s) 11:23 PST<\/time><\/p>\n<\/div>\n<\/blockquote>\n<p><script src=\"\/\/platform.instagram.com\/en_US\/embeds.js\" async=\"\" defer=\"defer\"><\/script><\/p>\n<p>M\u00e1s all\u00e1 de eso, Lali Esp\u00f3sito cierra un gran a\u00f1o profesional. Y ese es un gran motivo para levantar la copa con los suyos en unos d\u00edas.<\/p>\n","protected":false},"excerpt":{"rendered":"<p>La cantante cant\u00f3 en Montevideo y se conmovi\u00f3 arriba del escenario\u00a0por el apoyo de sus fans. En medio de un show que dio en Montevideo, parte de su gira Soy Tour,\u00a0Lali\u00a0Esp\u00f3sito\u00a0se mostr\u00f3 conmovida por el apoyo que siempre le dan sus fan\u00e1ticos. Un video filmado en el Teatro del Verano, donde dio el show para [&hellip;]<\/p>\n","protected":false},"author":1,"featured_media":48894,"comment_status":"closed","ping_status":"closed","sticky":false,"template":"","format":"standard","meta":{"_seopress_robots_primary_cat":"","_seopress_titles_title":"","_seopress_titles_desc":"","_seopress_robots_index":"","footnotes":""},"categories":[5],"tags":[31183,31182],"class_list":{"0":"post-48893","1":"post","2":"type-post","3":"status-publish","4":"format-standard","5":"has-post-thumbnail","7":"category-musica","8":"tag-lali-esposito-llorando-en-un-show","9":"tag-lali-lloro-en-un-show-de-uruguay"},"_links":{"self":[{"href":"https:\/\/www.cordobatimes.com\/showup\/wp-json\/wp\/v2\/posts\/48893","targetHints":{"allow":["GET"]}}],"collection":[{"href":"https:\/\/www.cordobatimes.com\/showup\/wp-json\/wp\/v2\/posts"}],"about":[{"href":"https:\/\/www.cordobatimes.com\/showup\/wp-json\/wp\/v2\/types\/post"}],"author":[{"embeddable":true,"href":"https:\/\/www.cordobatimes.com\/showup\/wp-json\/wp\/v2\/users\/1"}],"replies":[{"embeddable":true,"href":"https:\/\/www.cordobatimes.com\/showup\/wp-json\/wp\/v2\/comments?post=48893"}],"version-history":[{"count":0,"href":"https:\/\/www.cordobatimes.com\/showup\/wp-json\/wp\/v2\/posts\/48893\/revisions"}],"wp:featuredmedia":[{"embeddable":true,"href":"https:\/\/www.cordobatimes.com\/showup\/wp-json\/wp\/v2\/media\/48894"}],"wp:attachment":[{"href":"https:\/\/www.cordobatimes.com\/showup\/wp-json\/wp\/v2\/media?parent=48893"}],"wp:term":[{"taxonomy":"category","embeddable":true,"href":"https:\/\/www.cordobatimes.com\/showup\/wp-json\/wp\/v2\/categories?post=48893"},{"taxonomy":"post_tag","embeddable":true,"href":"https:\/\/www.cordobatimes.com\/showup\/wp-json\/wp\/v2\/tags?post=48893"}],"curies":[{"name":"wp","href":"https:\/\/api.w.org\/{rel}","templated":true}]}}