{"id":48635,"date":"2016-11-29T12:49:03","date_gmt":"2016-11-29T15:49:03","guid":{"rendered":"http:\/\/cordobatimes.com\/showup\/?p=48635"},"modified":"2020-04-22T12:55:32","modified_gmt":"2020-04-22T15:55:32","slug":"la-seleccion-viajo-en-el-mismo-avion-que-se-estrello-con-el-chapecoense-en-colombia","status":"publish","type":"post","link":"https:\/\/www.cordobatimes.com\/showup\/sociales\/2016\/11\/29\/la-seleccion-viajo-en-el-mismo-avion-que-se-estrello-con-el-chapecoense-en-colombia\/","title":{"rendered":"La Selecci\u00f3n viaj\u00f3 en el mismo avi\u00f3n que se estrell\u00f3 con el Chapecoense en Colombia"},"content":{"rendered":"<h3><strong>El plantel nacional viaj\u00f3 a bordo del Avro Regional Jet 85 matr\u00edcula CP-2933 de LAMIA Bolivia para ir y volver de Brasil, hace tan solo tres semanas. Las premonitorias quejas de la AFA.<\/strong><\/h3>\n<p>La tr\u00e1gica ca\u00edda del avi\u00f3n que transportaba al plantel de Chapeocoense con rumbo a Colombia enlut\u00f3 a todos, y caus\u00f3 un escalofr\u00edo particular en los argentinos. Sucede que el humilde equipo brasile\u00f1o ubicado en la zona oeste del estado brasile\u00f1o de Santa Catarina hab\u00eda eliminado primero a Independiente y luego a San Lorenzo en su camino hacia la final de la Copa Sudamericana 2016, instancia en la que enfrentar\u00eda a Atl\u00e9tico Nacional de Colombia.<\/p>\n<blockquote class=\"twitter-video\" data-lang=\"es\">\n<p dir=\"ltr\" lang=\"es\">El avi\u00f3n que cay\u00f3 de Lamia Bolivia hab\u00eda trasladado a la Selecci\u00f3n <a href=\"https:\/\/twitter.com\/Argentina\">@Argentina<\/a> hace 3 semanas. <a href=\"https:\/\/twitter.com\/hashtag\/Chapecoense?src=hash\">#Chapecoense<\/a> <a href=\"https:\/\/t.co\/1e3Uj1L4fc\">pic.twitter.com\/1e3Uj1L4fc<\/a><\/p>\n<p>\u2014 Hernan Buzzella (@HernanBuzzella) <a href=\"https:\/\/twitter.com\/HernanBuzzella\/status\/803534213022683136\">29 de noviembre de 2016<\/a><\/p><\/blockquote>\n<p><script src=\"\/\/platform.twitter.com\/widgets.js\" async=\"\" charset=\"utf-8\"><\/script><\/p>\n<p>Aunque quiz\u00e1 la m\u00e1s escalofriante de las an\u00e9cdotas relacionadas con el pa\u00eds haya sido el propio avi\u00f3n, ya que la aeronave que transport\u00f3 al conjunto de la ciudad de Chapec\u00f3 a Medell\u00edn fue el mismo que utiliz\u00f3 la Selecci\u00f3n Argentina para viajar desde Buenos Aires a Belo Horizonte. Ya en ese entonces, los pasajeros se quejaron del avi\u00f3n y rehusaron volver a utilizarlo, seg\u00fan fuentes de la AFA: \u00abSe mov\u00eda mucho, ten\u00eda ruidos por todos lados y los problemas de espacio eran evidentes, tanto que hab\u00eda inconvenientes para acomodar el equipaje de mano en los compartimentos dentro de la cabina\u00bb.<\/p>\n<p>Se trata de un Avro Regional Jet 85 matr\u00edcula CP-2933, perteneciente a la empresa LAMIA (L\u00ednea A\u00e9rea M\u00e9rida Internacional de Aviaci\u00f3n) Bolivia. De origen venezolana, LAMIA ahora pertenece a Bolivia y sus naves son alquiladas por federaciones y clubes de la regi\u00f3n.<br \/>\n<a href=\"http:\/\/cordobatimes.com\/showup\/wp-content\/uploads\/2016\/11\/descarga-1221.jpg\"><img loading=\"lazy\" decoding=\"async\" class=\"alignnone size-full wp-image-48637\" src=\"http:\/\/cordobatimes.com\/showup\/wp-content\/uploads\/2016\/11\/descarga-1221.jpg\" alt=\"descarga-122\" width=\"760\" height=\"426\" srcset=\"https:\/\/www.cordobatimes.com\/showup\/wp-content\/uploads\/2016\/11\/descarga-1221.jpg 760w, https:\/\/www.cordobatimes.com\/showup\/wp-content\/uploads\/2016\/11\/descarga-1221-300x168.jpg 300w, https:\/\/www.cordobatimes.com\/showup\/wp-content\/uploads\/2016\/11\/descarga-1221-650x364.jpg 650w\" sizes=\"auto, (max-width: 760px) 100vw, 760px\" \/><\/a><\/p>\n<p>All\u00ed viaj\u00f3 el cuerpo t\u00e9cnico encabezado por Edgardo Bauz\u00e1 y los futbolistas Emmanuel Mas, Fernando Belluschi (ambos de San Lorenzo de Almagro), Marcos Acu\u00f1a (Racing Club), Nahuel Guzm\u00e1n, Guido Pizarro (los dos de Tigres de Monterrey, M\u00e9xico), Angel Correa (Atl\u00e9tico de Madrid, Espa\u00f1a) y Ezequiel Lavezzi (Hebei, China).<br \/>\n<a href=\"http:\/\/cordobatimes.com\/showup\/wp-content\/uploads\/2016\/11\/juan_martin_del_potro1.jpg\"><img loading=\"lazy\" decoding=\"async\" class=\"alignnone size-full wp-image-48638\" src=\"http:\/\/cordobatimes.com\/showup\/wp-content\/uploads\/2016\/11\/juan_martin_del_potro1.jpg\" alt=\"juan_martin_del_potro\" width=\"760\" height=\"426\" srcset=\"https:\/\/www.cordobatimes.com\/showup\/wp-content\/uploads\/2016\/11\/juan_martin_del_potro1.jpg 760w, https:\/\/www.cordobatimes.com\/showup\/wp-content\/uploads\/2016\/11\/juan_martin_del_potro1-300x168.jpg 300w, https:\/\/www.cordobatimes.com\/showup\/wp-content\/uploads\/2016\/11\/juan_martin_del_potro1-650x364.jpg 650w\" sizes=\"auto, (max-width: 760px) 100vw, 760px\" \/><\/a><\/p>\n<p>Adem\u00e1s, fue el mismo que se us\u00f3 para volver tras la derrota por 3-0 ante Brasil con todas las figuras de la Selecci\u00f3n, con Lionel Messi a la cabeza.<\/p>\n<p><a href=\"http:\/\/cordobatimes.com\/showup\/wp-content\/uploads\/2016\/11\/Nombre20.jpg\"><img loading=\"lazy\" decoding=\"async\" class=\"alignnone size-full wp-image-48639\" src=\"http:\/\/cordobatimes.com\/showup\/wp-content\/uploads\/2016\/11\/Nombre20.jpg\" alt=\"nombre\" width=\"760\" height=\"428\" srcset=\"https:\/\/www.cordobatimes.com\/showup\/wp-content\/uploads\/2016\/11\/Nombre20.jpg 760w, https:\/\/www.cordobatimes.com\/showup\/wp-content\/uploads\/2016\/11\/Nombre20-300x169.jpg 300w, https:\/\/www.cordobatimes.com\/showup\/wp-content\/uploads\/2016\/11\/Nombre20-650x366.jpg 650w\" sizes=\"auto, (max-width: 760px) 100vw, 760px\" \/><\/a><\/p>\n","protected":false},"excerpt":{"rendered":"<p>El plantel nacional viaj\u00f3 a bordo del Avro Regional Jet 85 matr\u00edcula CP-2933 de LAMIA Bolivia para ir y volver de Brasil, hace tan solo tres semanas. Las premonitorias quejas de la AFA. La tr\u00e1gica ca\u00edda del avi\u00f3n que transportaba al plantel de Chapeocoense con rumbo a Colombia enlut\u00f3 a todos, y caus\u00f3 un escalofr\u00edo [&hellip;]<\/p>\n","protected":false},"author":1,"featured_media":48636,"comment_status":"closed","ping_status":"closed","sticky":false,"template":"","format":"standard","meta":{"_seopress_robots_primary_cat":"","_seopress_titles_title":"","_seopress_titles_desc":"","_seopress_robots_index":"","footnotes":""},"categories":[16638],"tags":[30992,30993],"class_list":{"0":"post-48635","1":"post","2":"type-post","3":"status-publish","4":"format-standard","5":"has-post-thumbnail","7":"category-sociales","8":"tag-avion-que-se-estrello-con-el-chapecoense-en-colombia","9":"tag-seleccion-argentina-avion-que-se-estrello-con-el-chapecoense"},"_links":{"self":[{"href":"https:\/\/www.cordobatimes.com\/showup\/wp-json\/wp\/v2\/posts\/48635","targetHints":{"allow":["GET"]}}],"collection":[{"href":"https:\/\/www.cordobatimes.com\/showup\/wp-json\/wp\/v2\/posts"}],"about":[{"href":"https:\/\/www.cordobatimes.com\/showup\/wp-json\/wp\/v2\/types\/post"}],"author":[{"embeddable":true,"href":"https:\/\/www.cordobatimes.com\/showup\/wp-json\/wp\/v2\/users\/1"}],"replies":[{"embeddable":true,"href":"https:\/\/www.cordobatimes.com\/showup\/wp-json\/wp\/v2\/comments?post=48635"}],"version-history":[{"count":0,"href":"https:\/\/www.cordobatimes.com\/showup\/wp-json\/wp\/v2\/posts\/48635\/revisions"}],"wp:featuredmedia":[{"embeddable":true,"href":"https:\/\/www.cordobatimes.com\/showup\/wp-json\/wp\/v2\/media\/48636"}],"wp:attachment":[{"href":"https:\/\/www.cordobatimes.com\/showup\/wp-json\/wp\/v2\/media?parent=48635"}],"wp:term":[{"taxonomy":"category","embeddable":true,"href":"https:\/\/www.cordobatimes.com\/showup\/wp-json\/wp\/v2\/categories?post=48635"},{"taxonomy":"post_tag","embeddable":true,"href":"https:\/\/www.cordobatimes.com\/showup\/wp-json\/wp\/v2\/tags?post=48635"}],"curies":[{"name":"wp","href":"https:\/\/api.w.org\/{rel}","templated":true}]}}