{"id":48631,"date":"2016-11-29T11:28:12","date_gmt":"2016-11-29T14:28:12","guid":{"rendered":"http:\/\/cordobatimes.com\/showup\/?p=48631"},"modified":"2020-04-22T12:56:30","modified_gmt":"2020-04-22T15:56:30","slug":"se-estrello-el-avion-donde-viajaba-el-equipo-brasileno-chapecoense-76-muertos-y-6-sobrevivientes","status":"publish","type":"post","link":"https:\/\/www.cordobatimes.com\/showup\/sociales\/2016\/11\/29\/se-estrello-el-avion-donde-viajaba-el-equipo-brasileno-chapecoense-76-muertos-y-6-sobrevivientes\/","title":{"rendered":"Se estrell\u00f3 el avi\u00f3n donde viajaba  el equipo brasile\u00f1o Chapecoense: 76 muertos y 6 sobrevivientes"},"content":{"rendered":"<h3><strong>El conjunto viajaba a Medell\u00edn para disputar la final de la Copa Sudamericana, en la misma aeronave que llev\u00f3 a la Selecci\u00f3n Argentina hace dos semanas<\/strong>.<\/h3>\n<p>El deporte mundial est\u00e1 de luto. El avi\u00f3n que transportaba al equipo brasile\u00f1o Chapecoense se estrell\u00f3 en la noche del lunes, cerca de Medell\u00edn, Colombia. Al momento, los reportes informan sobre 76 muertos y 6 sobrevivientes a la tragedia. El conjunto viajaba para disputar este mi\u00e9rcoles la final de la Copa Sudamericana ante el colombiano Atl\u00e9tico Nacional.<\/p>\n<p>La aeronave es la misma que llev\u00f3 a la Selecci\u00f3n Argentina hace dos semanas, luego de la derrota por 3 a 0 ante Brasil en Belo Horizonte, en el partido por la Eliminatoria Sudamericana rumbo al Mundial de Rusia 2018. El futbolista argentino Alejandro Martinuccio\u00a0y otros ocho deportistas de Chapecoense se salvaron del accidente ya que no viajaron junto a la delegaci\u00f3n. Rub\u00e9n, el padre de Martinuccio, habl\u00f3 con TN tras conocerse la noticia de la tragedia. \u201cNosotros le dec\u00edamos que le meta a la recuperaci\u00f3n para poder recuperarse. Gracias a Dios, no. Es el destino\u201d, coment\u00f3 el padre del futbolista conmocionado ante la tragedia.<\/p>\n<p>Seg\u00fan los medios locales, seis personas fueron rescatadas con vida tras el accidente. El futbolista brasile\u00f1o Alan Ruschel,H\u00e9lio Hermito Neto (rescatado en la ma\u00f1ana, despu\u00e9s de que se suspendiera la b\u00fasqueda de madrugada debido a las condiciones climatol\u00f3gicas) , el arquero Danilo Padilha, la auxiliar de vuelo Ximena Su\u00e1rez, el arquero Jakson Follman y el periodista Rafael Henzel. Lamentablemente, el arquero Danilo Padilha no toler\u00f3 los politraumatismos y falleci\u00f3 en el hospital.<\/p>\n<p>Los motivos del accidente son materia de investigaci\u00f3n, aunque el alcalde del municipio de La Ceja, Elkin Ospina, coment\u00f3 que la aeronave podr\u00eda haberse quedado sin combustible. \u201cParece que el avi\u00f3n se qued\u00f3 sin gasolina\u201d, dijo a AFP el funcionario colombiano.<img loading=\"lazy\" decoding=\"async\" class=\"alignnone size-full wp-image-48633\" src=\"http:\/\/cordobatimes.com\/showup\/wp-content\/uploads\/2016\/11\/chespirrr1.jpg\" alt=\"chespirrr\" width=\"492\" height=\"448\" srcset=\"https:\/\/www.cordobatimes.com\/showup\/wp-content\/uploads\/2016\/11\/chespirrr1.jpg 492w, https:\/\/www.cordobatimes.com\/showup\/wp-content\/uploads\/2016\/11\/chespirrr1-300x273.jpg 300w\" sizes=\"auto, (max-width: 492px) 100vw, 492px\" \/><\/p>\n<blockquote class=\"twitter-tweet\" data-lang=\"es\">\n<p dir=\"ltr\" lang=\"es\">La AFA manifiesta su pesar por la tragedia sufrida por <a href=\"https:\/\/twitter.com\/ChapecoenseReal\">@ChapecoenseReal<\/a> e informa que\u00a0se suspende el amistoso entre la <a href=\"https:\/\/twitter.com\/hashtag\/Sub20?src=hash\">#Sub20<\/a> y Uruguay.<\/p>\n<p>\u2014 Selecci\u00f3n Argentina (@Argentina) <a href=\"https:\/\/twitter.com\/Argentina\/status\/803556104995241984\">29 de noviembre de 2016<\/a><\/p><\/blockquote>\n<p><script async src=\"\/\/platform.twitter.com\/widgets.js\" charset=\"utf-8\"><\/script><\/p>\n<blockquote class=\"twitter-tweet\" data-lang=\"es\">\n<p dir=\"ltr\" lang=\"es\">Club Atl\u00e9tico <a href=\"https:\/\/twitter.com\/Independiente\">@Independiente<\/a> acompa\u00f1a a <a href=\"https:\/\/twitter.com\/ChapecoenseReal\">@ChapecoenseReal<\/a> en este dif\u00edcil momento y a los familiares de las v\u00edctimas. <a href=\"https:\/\/t.co\/kSx4wCQyWR\">pic.twitter.com\/kSx4wCQyWR<\/a><\/p>\n<p>\u2014 C. A. Independiente (@Independiente) <a href=\"https:\/\/twitter.com\/Independiente\/status\/803554447947431936\">29 de noviembre de 2016<\/a><\/p><\/blockquote>\n<p><script async src=\"\/\/platform.twitter.com\/widgets.js\" charset=\"utf-8\"><\/script><\/p>\n<blockquote class=\"twitter-tweet\" data-lang=\"es\">\n<p dir=\"ltr\" lang=\"es\">Nuestro m\u00e1s sentido p\u00e9same y nuestras condolencias a los hermanos de <a href=\"https:\/\/twitter.com\/ChapecoenseReal\">@ChapecoenseReal<\/a> en esta terrible tragedia <a href=\"https:\/\/twitter.com\/hashtag\/ForcaChapecoense?src=hash\">#ForcaChapecoense<\/a> <a href=\"https:\/\/t.co\/37q4TC6MlJ\">pic.twitter.com\/37q4TC6MlJ<\/a><\/p>\n<p>\u2014 V\u00e9lez Sarsfield (@Velez) <a href=\"https:\/\/twitter.com\/Velez\/status\/803556879125331969\">29 de noviembre de 2016<\/a><\/p><\/blockquote>\n<p><script async src=\"\/\/platform.twitter.com\/widgets.js\" charset=\"utf-8\"><\/script><\/p>\n<blockquote class=\"twitter-tweet\" data-lang=\"es\">\n<p dir=\"ltr\" lang=\"es\">. <a href=\"https:\/\/twitter.com\/RacingClub\">@RacingClub<\/a> se solidaridariza con <a href=\"https:\/\/twitter.com\/ChapecoenseReal\">@ChapecoenseReal<\/a> en este dif\u00edcil momento y acompa\u00f1a a todos los integrantes de la instituci\u00f3n.<\/p>\n<p>\u2014 Racing Club (@RacingClub) <a href=\"https:\/\/twitter.com\/RacingClub\/status\/803559843525181441\">29 de noviembre de 2016<\/a><\/p><\/blockquote>\n<p><script async src=\"\/\/platform.twitter.com\/widgets.js\" charset=\"utf-8\"><\/script><\/p>\n<blockquote class=\"twitter-tweet\" data-lang=\"es\">\n<p dir=\"ltr\" lang=\"es\">Acompa\u00f1amos a <a href=\"https:\/\/twitter.com\/ChapecoenseReal\">@ChapecoenseReal<\/a> y toda su comunidad en este dif\u00edcil momento.<br \/>\nNuestras m\u00e1s profundas condolencias.<a href=\"https:\/\/twitter.com\/hashtag\/For%C3%A7aChape?src=hash\">#For\u00e7aChape<\/a> <a href=\"https:\/\/t.co\/ykIJj5Ubdd\">pic.twitter.com\/ykIJj5Ubdd<\/a><\/p>\n<p>\u2014 RRPP River Plate (@RRPP_CARP) <a href=\"https:\/\/twitter.com\/RRPP_CARP\/status\/803560911244034048\">29 de noviembre de 2016<\/a><\/p><\/blockquote>\n<p><script async src=\"\/\/platform.twitter.com\/widgets.js\" charset=\"utf-8\"><\/script><\/p>\n<blockquote class=\"twitter-tweet\" data-lang=\"es\">\n<p dir=\"ltr\" lang=\"es\">Mis oraciones y solidaridad para sobrevivientes, familias y amigos de <a href=\"https:\/\/twitter.com\/ChapecoenseReal\">@ChapecoenseReal<\/a> en este momento tan duro. <a href=\"https:\/\/t.co\/ZFYOKT34US\">pic.twitter.com\/ZFYOKT34US<\/a><\/p>\n<p>\u2014 Radamel Falcao (@FALCAO) <a href=\"https:\/\/twitter.com\/FALCAO\/status\/803522688329326592\">29 de noviembre de 2016<\/a><\/p><\/blockquote>\n<p><script async src=\"\/\/platform.twitter.com\/widgets.js\" charset=\"utf-8\"><\/script><\/p>\n","protected":false},"excerpt":{"rendered":"<p>El conjunto viajaba a Medell\u00edn para disputar la final de la Copa Sudamericana, en la misma aeronave que llev\u00f3 a la Selecci\u00f3n Argentina hace dos semanas. El deporte mundial est\u00e1 de luto. El avi\u00f3n que transportaba al equipo brasile\u00f1o Chapecoense se estrell\u00f3 en la noche del lunes, cerca de Medell\u00edn, Colombia. Al momento, los reportes [&hellip;]<\/p>\n","protected":false},"author":1,"featured_media":48632,"comment_status":"closed","ping_status":"closed","sticky":false,"template":"","format":"standard","meta":{"_seopress_robots_primary_cat":"","_seopress_titles_title":"","_seopress_titles_desc":"","_seopress_robots_index":"","footnotes":""},"categories":[16638],"tags":[30994,17010],"class_list":{"0":"post-48631","1":"post","2":"type-post","3":"status-publish","4":"format-standard","5":"has-post-thumbnail","7":"category-sociales","8":"tag-avion-donde-viajaba-el-equipo-brasileno-chapecoense","9":"tag-equipo-brasileno-chapecoense"},"_links":{"self":[{"href":"https:\/\/www.cordobatimes.com\/showup\/wp-json\/wp\/v2\/posts\/48631","targetHints":{"allow":["GET"]}}],"collection":[{"href":"https:\/\/www.cordobatimes.com\/showup\/wp-json\/wp\/v2\/posts"}],"about":[{"href":"https:\/\/www.cordobatimes.com\/showup\/wp-json\/wp\/v2\/types\/post"}],"author":[{"embeddable":true,"href":"https:\/\/www.cordobatimes.com\/showup\/wp-json\/wp\/v2\/users\/1"}],"replies":[{"embeddable":true,"href":"https:\/\/www.cordobatimes.com\/showup\/wp-json\/wp\/v2\/comments?post=48631"}],"version-history":[{"count":0,"href":"https:\/\/www.cordobatimes.com\/showup\/wp-json\/wp\/v2\/posts\/48631\/revisions"}],"wp:featuredmedia":[{"embeddable":true,"href":"https:\/\/www.cordobatimes.com\/showup\/wp-json\/wp\/v2\/media\/48632"}],"wp:attachment":[{"href":"https:\/\/www.cordobatimes.com\/showup\/wp-json\/wp\/v2\/media?parent=48631"}],"wp:term":[{"taxonomy":"category","embeddable":true,"href":"https:\/\/www.cordobatimes.com\/showup\/wp-json\/wp\/v2\/categories?post=48631"},{"taxonomy":"post_tag","embeddable":true,"href":"https:\/\/www.cordobatimes.com\/showup\/wp-json\/wp\/v2\/tags?post=48631"}],"curies":[{"name":"wp","href":"https:\/\/api.w.org\/{rel}","templated":true}]}}