{"id":48613,"date":"2016-11-28T17:50:58","date_gmt":"2016-11-28T20:50:58","guid":{"rendered":"http:\/\/cordobatimes.com\/showup\/?p=48613"},"modified":"2020-04-22T13:20:59","modified_gmt":"2020-04-22T16:20:59","slug":"pampita-tras-el-fuerte-cruce-con-nicole-neumann-y-la-chipi-en-bailando","status":"publish","type":"post","link":"https:\/\/www.cordobatimes.com\/showup\/tv\/2016\/11\/28\/pampita-tras-el-fuerte-cruce-con-nicole-neumann-y-la-chipi-en-bailando\/","title":{"rendered":"Pampita, tras el fuerte cruce con Nicole Neumann y La Chipi en Bailando"},"content":{"rendered":"<h3><strong>La jurado hizo su descargo tras el cara a cara con su colega y dej\u00f3 en claro lo que piensa.<\/strong><\/h3>\n<p>El viernes 25 fue la \u00faltima y enfadad\u00edsima gala del aquadance del a\u00f1o en el Bailando. Sin embargo, un duro cruce de Carolina \u00abPampita\u00bb Ardohain con Nicole Neumann y Mariela \u00abLa Chipi\u00bb Anchipi se rob\u00f3 todas las miradas.<\/p>\n<p>\u00bfCu\u00e1l fue el desencadenante del fuerte cara a cara? La mujer de Fabi\u00e1n Cubero cumpli\u00f3 con el ritmo, a la jurado no la conmovi\u00f3 y le puso un 5. Molesta, la coach de la rubia sali\u00f3 a cuestionar el bajo puntaje\u2026 \u00a1y ardi\u00f3 Troya!<\/p>\n<p>\u00abLa verdad es que hicimos trucos s\u00faper arriesgados, jugados, y salieron todos bien. Ella nos puntu\u00f3 bajo y La Chipi sali\u00f3 a defender esa nota que no le parec\u00eda objetiva. Pero Pampita sali\u00f3 con un veneno que no le terminaba m\u00e1s. Tambi\u00e9n me atac\u00f3 a m\u00ed y le di respuesta. No me iba a quedar callada, menos cuando me atacan equivocadamente\u00bb, dijo Nicole en Agarrate Catalina, a menos de 24 horas del dif\u00edcil momento televisivo. Y destac\u00f3: \u00abA m\u00ed ella no me provoca amor ni odio. Pero, evidentemente, ella tiene un tema conmigo. Es como que le volvi\u00f3 a salir todo lo de la primera gala\u2026 Siento que le sali\u00f3 el veneno. Estaba como agresiva. Se le hinchaban las venas del cuello&#8230; Ella ve lo que tiene ganas de ver\u00bb.<\/p>\n<p>Con el descardo de Neumann en los medios, lleg\u00f3 el turno de que Pampita de su versi\u00f3n de los hechos. Y lo hizo ante el micr\u00f3fono de Los \u00c1ngeles de la Ma\u00f1ana.<\/p>\n<p><iframe loading=\"lazy\" src=\"https:\/\/www.youtube.com\/embed\/wB9EQem7dwE\" width=\"560\" height=\"315\" frameborder=\"0\" allowfullscreen=\"allowfullscreen\"><\/iframe><\/p>\n","protected":false},"excerpt":{"rendered":"<p>La jurado hizo su descargo tras el cara a cara con su colega y dej\u00f3 en claro lo que piensa. El viernes 25 fue la \u00faltima y enfadad\u00edsima gala del aquadance del a\u00f1o en el Bailando. Sin embargo, un duro cruce de Carolina \u00abPampita\u00bb Ardohain con Nicole Neumann y Mariela \u00abLa Chipi\u00bb Anchipi se rob\u00f3 [&hellip;]<\/p>\n","protected":false},"author":1,"featured_media":48614,"comment_status":"closed","ping_status":"closed","sticky":false,"template":"","format":"standard","meta":{"_seopress_robots_primary_cat":"","_seopress_titles_title":"","_seopress_titles_desc":"","_seopress_robots_index":"","footnotes":""},"categories":[2],"tags":[16981],"class_list":{"0":"post-48613","1":"post","2":"type-post","3":"status-publish","4":"format-standard","5":"has-post-thumbnail","7":"category-tv","8":"tag-pampita-y-nicole-neumann"},"_links":{"self":[{"href":"https:\/\/www.cordobatimes.com\/showup\/wp-json\/wp\/v2\/posts\/48613","targetHints":{"allow":["GET"]}}],"collection":[{"href":"https:\/\/www.cordobatimes.com\/showup\/wp-json\/wp\/v2\/posts"}],"about":[{"href":"https:\/\/www.cordobatimes.com\/showup\/wp-json\/wp\/v2\/types\/post"}],"author":[{"embeddable":true,"href":"https:\/\/www.cordobatimes.com\/showup\/wp-json\/wp\/v2\/users\/1"}],"replies":[{"embeddable":true,"href":"https:\/\/www.cordobatimes.com\/showup\/wp-json\/wp\/v2\/comments?post=48613"}],"version-history":[{"count":0,"href":"https:\/\/www.cordobatimes.com\/showup\/wp-json\/wp\/v2\/posts\/48613\/revisions"}],"wp:featuredmedia":[{"embeddable":true,"href":"https:\/\/www.cordobatimes.com\/showup\/wp-json\/wp\/v2\/media\/48614"}],"wp:attachment":[{"href":"https:\/\/www.cordobatimes.com\/showup\/wp-json\/wp\/v2\/media?parent=48613"}],"wp:term":[{"taxonomy":"category","embeddable":true,"href":"https:\/\/www.cordobatimes.com\/showup\/wp-json\/wp\/v2\/categories?post=48613"},{"taxonomy":"post_tag","embeddable":true,"href":"https:\/\/www.cordobatimes.com\/showup\/wp-json\/wp\/v2\/tags?post=48613"}],"curies":[{"name":"wp","href":"https:\/\/api.w.org\/{rel}","templated":true}]}}