{"id":48600,"date":"2016-11-28T10:55:33","date_gmt":"2016-11-28T13:55:33","guid":{"rendered":"http:\/\/cordobatimes.com\/showup\/?p=48600"},"modified":"2020-04-22T19:12:10","modified_gmt":"2020-04-22T22:12:10","slug":"marcela-kloosterboer-reaparecio-con-su-esposo-en-un-casamiento","status":"publish","type":"post","link":"https:\/\/www.cordobatimes.com\/showup\/famosos\/2016\/11\/28\/marcela-kloosterboer-reaparecio-con-su-esposo-en-un-casamiento\/","title":{"rendered":"Marcela Kloosterboer reapareci\u00f3 con su esposo en un casamiento"},"content":{"rendered":"<h3><strong>La actriz subi\u00f3 una foto para celebrar el alta m\u00e9dica de su marido<\/strong>.<\/h3>\n<p>Tras la internaci\u00f3n de Fernando Sieling en el Hospital Italiano por un pico de estr\u00e9s, \u00e9l y Marcela Kloosterboer reaparecieron en un casamiento y ella subi\u00f3 una foto para celebrar el alta m\u00e9dica de su marido.<\/p>\n<p>&nbsp;<\/p>\n<p>Seg\u00fan parece, la actriz y su marido asistieron juntos al casamiento de una pareja amiga. Si bien ella fue al civil acompa\u00f1ada de su hija Juana pero sin su marido, ahora \u00e9l recibi\u00f3 el alta y tambi\u00e9n pudo ir.<\/p>\n<p>Fernando Sieling fue hospitalizado hace algunas semanas en el ala psiqui\u00e1trica del Hospital Italiano. Aunque al principio se dijo que hab\u00eda sufrido un brote psic\u00f3tico, ella desminti\u00f3 el rumor en una entrevista con Desayuno Americano y afirm\u00f3 que en realidad era un pico de str\u00e9ss.<\/p>\n","protected":false},"excerpt":{"rendered":"<p>La actriz subi\u00f3 una foto para celebrar el alta m\u00e9dica de su marido. Tras la internaci\u00f3n de Fernando Sieling en el Hospital Italiano por un pico de estr\u00e9s, \u00e9l y Marcela Kloosterboer reaparecieron en un casamiento y ella subi\u00f3 una foto para celebrar el alta m\u00e9dica de su marido. &nbsp; Seg\u00fan parece, la actriz y [&hellip;]<\/p>\n","protected":false},"author":1,"featured_media":48601,"comment_status":"closed","ping_status":"closed","sticky":false,"template":"","format":"standard","meta":{"_seopress_robots_primary_cat":"","_seopress_titles_title":"","_seopress_titles_desc":"","_seopress_robots_index":"","footnotes":""},"categories":[4],"tags":[29290],"class_list":{"0":"post-48600","1":"post","2":"type-post","3":"status-publish","4":"format-standard","5":"has-post-thumbnail","7":"category-famosos","8":"tag-marcela-kloosterboer-y-fernando-sieling"},"_links":{"self":[{"href":"https:\/\/www.cordobatimes.com\/showup\/wp-json\/wp\/v2\/posts\/48600","targetHints":{"allow":["GET"]}}],"collection":[{"href":"https:\/\/www.cordobatimes.com\/showup\/wp-json\/wp\/v2\/posts"}],"about":[{"href":"https:\/\/www.cordobatimes.com\/showup\/wp-json\/wp\/v2\/types\/post"}],"author":[{"embeddable":true,"href":"https:\/\/www.cordobatimes.com\/showup\/wp-json\/wp\/v2\/users\/1"}],"replies":[{"embeddable":true,"href":"https:\/\/www.cordobatimes.com\/showup\/wp-json\/wp\/v2\/comments?post=48600"}],"version-history":[{"count":0,"href":"https:\/\/www.cordobatimes.com\/showup\/wp-json\/wp\/v2\/posts\/48600\/revisions"}],"wp:featuredmedia":[{"embeddable":true,"href":"https:\/\/www.cordobatimes.com\/showup\/wp-json\/wp\/v2\/media\/48601"}],"wp:attachment":[{"href":"https:\/\/www.cordobatimes.com\/showup\/wp-json\/wp\/v2\/media?parent=48600"}],"wp:term":[{"taxonomy":"category","embeddable":true,"href":"https:\/\/www.cordobatimes.com\/showup\/wp-json\/wp\/v2\/categories?post=48600"},{"taxonomy":"post_tag","embeddable":true,"href":"https:\/\/www.cordobatimes.com\/showup\/wp-json\/wp\/v2\/tags?post=48600"}],"curies":[{"name":"wp","href":"https:\/\/api.w.org\/{rel}","templated":true}]}}