{"id":48529,"date":"2016-11-25T09:46:51","date_gmt":"2016-11-25T12:46:51","guid":{"rendered":"http:\/\/cordobatimes.com\/showup\/?p=48529"},"modified":"2024-04-17T18:41:00","modified_gmt":"2024-04-17T21:41:00","slug":"pampita-brillo-con-una-actuacion-especial-en-el-aquadance","status":"publish","type":"post","link":"https:\/\/www.cordobatimes.com\/showup\/showmatch\/2016\/11\/25\/pampita-brillo-con-una-actuacion-especial-en-el-aquadance\/","title":{"rendered":"Pampita brill\u00f3 con una actuaci\u00f3n especial  en el Aquadance"},"content":{"rendered":"<h3><strong>La jurado de ShowMatch hizo una demostraci\u00f3n en el nuevo ritmo del programa y le hizo honor a su talento.<\/strong><\/h3>\n<p>Era una de las performances m\u00e1s esperadas. Luego de que se conociera la noticia sobre la participaci\u00f3n de Pampita en una presentaci\u00f3n para el Aquadance -el nuevo ritmo del Bailando- la jurado demostr\u00f3 una vez m\u00e1s su talento y se llev\u00f3 los aplausos de todos los presentes.<\/p>\n<p><iframe loading=\"lazy\" src=\"https:\/\/www.youtube.com\/embed\/ONjKVuaxusI\" width=\"560\" height=\"315\" frameborder=\"0\" allowfullscreen=\"allowfullscreen\"><\/iframe><\/p>\n<p>Luego, tras la felicitaciones de Marcelo Tinelli, la modelo tom\u00f3 la palabra: \u00abGracias a todo tu equipo, que ensayamos hasta altas horas de la noche y estuvieron ac\u00e1\u00bb, expres\u00f3, con una imborrable sonrisa sobre el resto.<\/p>\n<p>\u00abTambi\u00e9n agradecer a los bailarines, a Lolo y Hugo \u00c1vila (jefe de coaches), a Lana de vestuario que no la ve\u00eda hace un mont\u00f3n porque no me toc\u00f3 bailar este a\u00f1o. Me reencontr\u00e9 con vestuario, con las chicas que me pintaron -y que me dijeron que voy a estar pintada varios d\u00edas- y bueno, un placer. Es siempre un placer y un regalo para la gente en su casa\u00bb, agreg\u00f3.<\/p>\n<p>Por \u00faltimo, antes de que el conductor presente a la pr\u00f3xima pareja, Carolina Ardohain se dirigi\u00f3 a alguien muy especial: \u00abMarcelo&#8230; y se lo quiero dedicar a mi hijo Bautista (8) -fruto de su relaci\u00f3n con Benjam\u00edn Vicu\u00f1a, con quien tambi\u00e9n tiene a Beltr\u00e1n, de 4 y Benicio, de 2- que est\u00e1 ac\u00e1 presente. Reci\u00e9n me pregunt\u00f3 y me dijo, &#8216;pero no dijiste que me lo dedicaste&#8217;. Entonces bueno&#8230;\u00bb.<\/p>\n","protected":false},"excerpt":{"rendered":"<p>La jurado de ShowMatch hizo una demostraci\u00f3n en el nuevo ritmo del programa y le hizo honor a su talento. Era una de las performances m\u00e1s esperadas. Luego de que se conociera la noticia sobre la participaci\u00f3n de Pampita en una presentaci\u00f3n para el Aquadance -el nuevo ritmo del Bailando- la jurado demostr\u00f3 una vez [&hellip;]<\/p>\n","protected":false},"author":1,"featured_media":102598,"comment_status":"closed","ping_status":"closed","sticky":false,"template":"","format":"standard","meta":{"_seopress_robots_primary_cat":"","_seopress_titles_title":"","_seopress_titles_desc":"","_seopress_robots_index":"","footnotes":""},"categories":[477],"tags":[39126,39127],"class_list":{"0":"post-48529","1":"post","2":"type-post","3":"status-publish","4":"format-standard","5":"has-post-thumbnail","7":"category-showmatch","8":"tag-aquadance-de-pampita","9":"tag-pampita-aquadance"},"_links":{"self":[{"href":"https:\/\/www.cordobatimes.com\/showup\/wp-json\/wp\/v2\/posts\/48529","targetHints":{"allow":["GET"]}}],"collection":[{"href":"https:\/\/www.cordobatimes.com\/showup\/wp-json\/wp\/v2\/posts"}],"about":[{"href":"https:\/\/www.cordobatimes.com\/showup\/wp-json\/wp\/v2\/types\/post"}],"author":[{"embeddable":true,"href":"https:\/\/www.cordobatimes.com\/showup\/wp-json\/wp\/v2\/users\/1"}],"replies":[{"embeddable":true,"href":"https:\/\/www.cordobatimes.com\/showup\/wp-json\/wp\/v2\/comments?post=48529"}],"version-history":[{"count":0,"href":"https:\/\/www.cordobatimes.com\/showup\/wp-json\/wp\/v2\/posts\/48529\/revisions"}],"wp:featuredmedia":[{"embeddable":true,"href":"https:\/\/www.cordobatimes.com\/showup\/wp-json\/wp\/v2\/media\/102598"}],"wp:attachment":[{"href":"https:\/\/www.cordobatimes.com\/showup\/wp-json\/wp\/v2\/media?parent=48529"}],"wp:term":[{"taxonomy":"category","embeddable":true,"href":"https:\/\/www.cordobatimes.com\/showup\/wp-json\/wp\/v2\/categories?post=48529"},{"taxonomy":"post_tag","embeddable":true,"href":"https:\/\/www.cordobatimes.com\/showup\/wp-json\/wp\/v2\/tags?post=48529"}],"curies":[{"name":"wp","href":"https:\/\/api.w.org\/{rel}","templated":true}]}}