{"id":48330,"date":"2016-11-18T10:58:24","date_gmt":"2016-11-18T13:58:24","guid":{"rendered":"http:\/\/cordobatimes.com\/showup\/?p=48330"},"modified":"2020-04-23T13:55:51","modified_gmt":"2020-04-23T16:55:51","slug":"papelon-en-la-entrega-de-los-grammy-latinos-anunciaron-un-premio-para-juan-gabriel-como-si-estuviera-vivo","status":"publish","type":"post","link":"https:\/\/www.cordobatimes.com\/showup\/musica\/2016\/11\/18\/papelon-en-la-entrega-de-los-grammy-latinos-anunciaron-un-premio-para-juan-gabriel-como-si-estuviera-vivo\/","title":{"rendered":"\u00a1Papel\u00f3n en la entrega de los Grammy Latinos!: Anunciaron un premio para Juan Gabriel como si estuviera vivo"},"content":{"rendered":"<h3><strong>El cantante espa\u00f1ol Andr\u00e9s Ceballos, de la banda Dvicio, present\u00f3 la estatuilla para el fallecido artista y lo felicit\u00f3 como si no hubiera muerto.<\/strong><\/h3>\n<p>La noche de los premios Grammy Latinos 2016 dej\u00f3 varias perlitas. La m\u00e1s escandalosa, sin dudas, fue la protagonizada por el espa\u00f1ol Andr\u00e9s Ceballos, de la banda Dvicio, quien anunci\u00f3 un premio especial para Juan Gabriel.<\/p>\n<p>Al parecer el joven no estaba al tanto de la conmoci\u00f3n que caus\u00f3 la sorpresiva muerte del artista mexicano en agosto y estuvo unos segundos esperando que el agasajado suba a retirar el galard\u00f3n.<\/p>\n<p><iframe loading=\"lazy\" src=\"https:\/\/www.youtube.com\/embed\/T8cr_DjhAC4\" width=\"560\" height=\"315\" frameborder=\"0\" allowfullscreen=\"allowfullscreen\"><\/iframe><\/p>\n","protected":false},"excerpt":{"rendered":"<p>El cantante espa\u00f1ol Andr\u00e9s Ceballos, de la banda Dvicio, present\u00f3 la estatuilla para el fallecido artista y lo felicit\u00f3 como si no hubiera muerto. La noche de los premios Grammy Latinos 2016 dej\u00f3 varias perlitas. La m\u00e1s escandalosa, sin dudas, fue la protagonizada por el espa\u00f1ol Andr\u00e9s Ceballos, de la banda Dvicio, quien anunci\u00f3 un [&hellip;]<\/p>\n","protected":false},"author":1,"featured_media":48331,"comment_status":"closed","ping_status":"closed","sticky":false,"template":"","format":"standard","meta":{"_seopress_robots_primary_cat":"","_seopress_titles_title":"","_seopress_titles_desc":"","_seopress_robots_index":"","footnotes":""},"categories":[5],"tags":[31039,16887,31038],"class_list":{"0":"post-48330","1":"post","2":"type-post","3":"status-publish","4":"format-standard","5":"has-post-thumbnail","7":"category-musica","8":"tag-juan-gabriel-grammy-latinos","9":"tag-papelon-en-la-entrega-de-los-grammy-latinos","10":"tag-premio-para-juan-gabriel"},"_links":{"self":[{"href":"https:\/\/www.cordobatimes.com\/showup\/wp-json\/wp\/v2\/posts\/48330","targetHints":{"allow":["GET"]}}],"collection":[{"href":"https:\/\/www.cordobatimes.com\/showup\/wp-json\/wp\/v2\/posts"}],"about":[{"href":"https:\/\/www.cordobatimes.com\/showup\/wp-json\/wp\/v2\/types\/post"}],"author":[{"embeddable":true,"href":"https:\/\/www.cordobatimes.com\/showup\/wp-json\/wp\/v2\/users\/1"}],"replies":[{"embeddable":true,"href":"https:\/\/www.cordobatimes.com\/showup\/wp-json\/wp\/v2\/comments?post=48330"}],"version-history":[{"count":0,"href":"https:\/\/www.cordobatimes.com\/showup\/wp-json\/wp\/v2\/posts\/48330\/revisions"}],"wp:featuredmedia":[{"embeddable":true,"href":"https:\/\/www.cordobatimes.com\/showup\/wp-json\/wp\/v2\/media\/48331"}],"wp:attachment":[{"href":"https:\/\/www.cordobatimes.com\/showup\/wp-json\/wp\/v2\/media?parent=48330"}],"wp:term":[{"taxonomy":"category","embeddable":true,"href":"https:\/\/www.cordobatimes.com\/showup\/wp-json\/wp\/v2\/categories?post=48330"},{"taxonomy":"post_tag","embeddable":true,"href":"https:\/\/www.cordobatimes.com\/showup\/wp-json\/wp\/v2\/tags?post=48330"}],"curies":[{"name":"wp","href":"https:\/\/api.w.org\/{rel}","templated":true}]}}