{"id":48318,"date":"2016-11-18T10:01:13","date_gmt":"2016-11-18T13:01:13","guid":{"rendered":"http:\/\/cordobatimes.com\/showup\/?p=48318"},"modified":"2024-04-17T18:17:45","modified_gmt":"2024-04-17T21:17:45","slug":"jorge-rial-quebro-en-llanto-al-aire-al-leer-la-carta-que-su-hija-morena-escribio-antes-de-operarse","status":"publish","type":"post","link":"https:\/\/www.cordobatimes.com\/showup\/tv\/2016\/11\/18\/jorge-rial-quebro-en-llanto-al-aire-al-leer-la-carta-que-su-hija-morena-escribio-antes-de-operarse\/","title":{"rendered":"Jorge Rial quebr\u00f3 en llanto al aire al leer la carta que su hija Morena escribi\u00f3 antes de operarse"},"content":{"rendered":"<h3><strong>El periodista comparti\u00f3 en Intrusos las palabras de la joven de 17 a\u00f1os, tras los repudiables tweets de Marcelo Open por los que ella y su hermana lo llevar\u00e1n a la Justicia.<\/strong><\/h3>\n<p>El mi\u00e9rcoles 16, Franco Torchia asisti\u00f3 a Intrusos para dar detalles de la denuncia que inici\u00f3 contra el abogado y empresario Marcelo Open, a quien acusa de bullying, discriminaci\u00f3n homof\u00f3bica y amenazas de muerte a trav\u00e9s de Twitter durante dos a\u00f1os. Sin embargo, mientras el periodista hac\u00eda su doloroso descargo, Open arremet\u00eda con repudiables tweets contra Jorge Rial y sus hijas, Morena\u00a0 y Roc\u00edo.<\/p>\n<p>\u00abDe Jorgito podemos decir que extorsiona, que lava guita inventando giras, que es cornudo; pero debemos destacar que adopt\u00f3 dos hipop\u00f3tamos\u00bb, escribi\u00f3 Open en uno de sus mensajes, que tras la repercusi\u00f3n borr\u00f3 para poner otro igual de desagradable: \u00abModifico porque se interpreta mal: de Jorgito podemos decir que extorsiona, que lava guita inventando giras, que es cornudo; ama los animales\u00bb.<\/p>\n<p>Veinticuatro horas despu\u00e9s, y en defensa de sus hijas, el conductor volvi\u00f3 a tomar la palabra, y tras anunciar que tanto \u00e9l como sus hijas demandar\u00e1n ante la Justicia al exnovio de Carolina Papaleo, ley\u00f3 una conmovedora carta que escribi\u00f3 Morena, horas previas a operarse el 12 de julio, cuando se someti\u00f3 a un bypass g\u00e1strico para mejorar su calidad de vida y salud.<\/p>\n<p>Mirando a c\u00e1mara y con el papel en su mano, Rial comenz\u00f3 la lectura de la carta, pero no pudo terminar el relato producto del llanto.<\/p>\n<p><iframe loading=\"lazy\" src=\"https:\/\/www.youtube.com\/embed\/trotkj48rhI\" width=\"560\" height=\"315\" frameborder=\"0\" allowfullscreen=\"allowfullscreen\"><\/iframe><\/p>\n","protected":false},"excerpt":{"rendered":"<p>El periodista comparti\u00f3 en Intrusos las palabras de la joven de 17 a\u00f1os, tras los repudiables tweets de Marcelo Open por los que ella y su hermana lo llevar\u00e1n a la Justicia. El mi\u00e9rcoles 16, Franco Torchia asisti\u00f3 a Intrusos para dar detalles de la denuncia que inici\u00f3 contra el abogado y empresario Marcelo Open, [&hellip;]<\/p>\n","protected":false},"author":1,"featured_media":48319,"comment_status":"closed","ping_status":"closed","sticky":false,"template":"","format":"standard","meta":{"_seopress_robots_primary_cat":"","_seopress_titles_title":"","_seopress_titles_desc":"","_seopress_robots_index":"","footnotes":""},"categories":[2],"tags":[31041,39120,39119,26145,31040],"class_list":{"0":"post-48318","1":"post","2":"type-post","3":"status-publish","4":"format-standard","5":"has-post-thumbnail","7":"category-tv","8":"tag-carta-de-morena-rial","9":"tag-jorge-rial-lee-carta-de-morena-rial","10":"tag-jorge-rial-llorando","11":"tag-jorge-rial-morena-rial","12":"tag-jorge-rial-quebro-en-llanto-al-aire"},"_links":{"self":[{"href":"https:\/\/www.cordobatimes.com\/showup\/wp-json\/wp\/v2\/posts\/48318","targetHints":{"allow":["GET"]}}],"collection":[{"href":"https:\/\/www.cordobatimes.com\/showup\/wp-json\/wp\/v2\/posts"}],"about":[{"href":"https:\/\/www.cordobatimes.com\/showup\/wp-json\/wp\/v2\/types\/post"}],"author":[{"embeddable":true,"href":"https:\/\/www.cordobatimes.com\/showup\/wp-json\/wp\/v2\/users\/1"}],"replies":[{"embeddable":true,"href":"https:\/\/www.cordobatimes.com\/showup\/wp-json\/wp\/v2\/comments?post=48318"}],"version-history":[{"count":0,"href":"https:\/\/www.cordobatimes.com\/showup\/wp-json\/wp\/v2\/posts\/48318\/revisions"}],"wp:featuredmedia":[{"embeddable":true,"href":"https:\/\/www.cordobatimes.com\/showup\/wp-json\/wp\/v2\/media\/48319"}],"wp:attachment":[{"href":"https:\/\/www.cordobatimes.com\/showup\/wp-json\/wp\/v2\/media?parent=48318"}],"wp:term":[{"taxonomy":"category","embeddable":true,"href":"https:\/\/www.cordobatimes.com\/showup\/wp-json\/wp\/v2\/categories?post=48318"},{"taxonomy":"post_tag","embeddable":true,"href":"https:\/\/www.cordobatimes.com\/showup\/wp-json\/wp\/v2\/tags?post=48318"}],"curies":[{"name":"wp","href":"https:\/\/api.w.org\/{rel}","templated":true}]}}