{"id":48223,"date":"2016-11-14T12:06:32","date_gmt":"2016-11-14T15:06:32","guid":{"rendered":"http:\/\/cordobatimes.com\/showup\/?p=48223"},"modified":"2020-04-23T21:41:29","modified_gmt":"2020-04-24T00:41:29","slug":"por-que-no-se-renovo-la-restriccion-perimetral-entre-fede-bal-y-barbie-velez","status":"publish","type":"post","link":"https:\/\/www.cordobatimes.com\/showup\/famosos\/2016\/11\/14\/por-que-no-se-renovo-la-restriccion-perimetral-entre-fede-bal-y-barbie-velez\/","title":{"rendered":"\u00bfPor qu\u00e9 no se renov\u00f3 la restricci\u00f3n perimetral entre Fede Bal y Barbie V\u00e9lez?"},"content":{"rendered":"<p>Sin vigencia de la medida perimetral, contin\u00faa la distancia entre Barbie V\u00e9lez y Federico Bal, al punto que la actriz le solicit\u00f3 a la producci\u00f3n de Ideas del Sur no cruzarse con su ex en los duelos del Bailando.<\/p>\n<p>\u201cYo respeto lo que arreglaron con ella, por mi parte no tengo ning\u00fan problema\u201d, aclar\u00f3 el actor en vivo, ante la consulta de Marcelo Tinelli.<\/p>\n<p>Ahora bien, dada la decisi\u00f3n de la hija de Nazarena, \u00bfpor qu\u00e9 no se renov\u00f3 la medida judicial, entonces?<\/p>\n<p>El abogado de Bal, Juan Ignacio Giovanettoni, lo explic\u00f3 al aire de Nosotros al mediod\u00eda a trav\u00e9s de una comunicaci\u00f3n con Tom\u00e1s Dente, quien ley\u00f3 de parte del letrado: \u201cNo sali\u00f3 de ellos, nunca la pidieron y no se renueva (autom\u00e1ticamente) porque no hay elementos que puedan justificarlo\u201d<\/p>\n<p>Adem\u00e1s, el hijo de Carmen Barbieri arremeter\u00eda con una nueva contra-denuncia.<\/p>\n","protected":false},"excerpt":{"rendered":"<p>Sin vigencia de la medida perimetral, contin\u00faa la distancia entre Barbie V\u00e9lez y Federico Bal, al punto que la actriz le solicit\u00f3 a la producci\u00f3n de Ideas del Sur no cruzarse con su ex en los duelos del Bailando. \u201cYo respeto lo que arreglaron con ella, por mi parte no tengo ning\u00fan problema\u201d, aclar\u00f3 el [&hellip;]<\/p>\n","protected":false},"author":1,"featured_media":48225,"comment_status":"closed","ping_status":"closed","sticky":false,"template":"","format":"standard","meta":{"_seopress_robots_primary_cat":"","_seopress_titles_title":"","_seopress_titles_desc":"","_seopress_robots_index":"","footnotes":""},"categories":[4],"tags":[16586,31054],"class_list":{"0":"post-48223","1":"post","2":"type-post","3":"status-publish","4":"format-standard","5":"has-post-thumbnail","7":"category-famosos","8":"tag-barbie-velez-y-federico-bal","9":"tag-restriccion-perimetral-entre-fede-bal-y-barbie-velez"},"_links":{"self":[{"href":"https:\/\/www.cordobatimes.com\/showup\/wp-json\/wp\/v2\/posts\/48223","targetHints":{"allow":["GET"]}}],"collection":[{"href":"https:\/\/www.cordobatimes.com\/showup\/wp-json\/wp\/v2\/posts"}],"about":[{"href":"https:\/\/www.cordobatimes.com\/showup\/wp-json\/wp\/v2\/types\/post"}],"author":[{"embeddable":true,"href":"https:\/\/www.cordobatimes.com\/showup\/wp-json\/wp\/v2\/users\/1"}],"replies":[{"embeddable":true,"href":"https:\/\/www.cordobatimes.com\/showup\/wp-json\/wp\/v2\/comments?post=48223"}],"version-history":[{"count":0,"href":"https:\/\/www.cordobatimes.com\/showup\/wp-json\/wp\/v2\/posts\/48223\/revisions"}],"wp:featuredmedia":[{"embeddable":true,"href":"https:\/\/www.cordobatimes.com\/showup\/wp-json\/wp\/v2\/media\/48225"}],"wp:attachment":[{"href":"https:\/\/www.cordobatimes.com\/showup\/wp-json\/wp\/v2\/media?parent=48223"}],"wp:term":[{"taxonomy":"category","embeddable":true,"href":"https:\/\/www.cordobatimes.com\/showup\/wp-json\/wp\/v2\/categories?post=48223"},{"taxonomy":"post_tag","embeddable":true,"href":"https:\/\/www.cordobatimes.com\/showup\/wp-json\/wp\/v2\/tags?post=48223"}],"curies":[{"name":"wp","href":"https:\/\/api.w.org\/{rel}","templated":true}]}}