{"id":48067,"date":"2016-11-08T09:21:46","date_gmt":"2016-11-08T12:21:46","guid":{"rendered":"http:\/\/cordobatimes.com\/showup\/?p=48067"},"modified":"2020-04-24T12:07:17","modified_gmt":"2020-04-24T15:07:17","slug":"estefania-bernal-se-consagro-miss-universo-argentina-y-fue-felicitada-por-tinelli","status":"publish","type":"post","link":"https:\/\/www.cordobatimes.com\/showup\/showmatch\/2016\/11\/08\/estefania-bernal-se-consagro-miss-universo-argentina-y-fue-felicitada-por-tinelli\/","title":{"rendered":"Estefania Bernal se consagr\u00f3 Miss Universo Argentina y fue felicitada por Tinelli"},"content":{"rendered":"<h3><strong>El conductor demostr\u00f3 todo su asombro al aire al saludar a una de las chicas que integran su staff por haber ganado el concurso de belleza.<\/strong><\/h3>\n<p>La bailarina\u00a0vivi\u00f3 una noche distinta este lunes, cuando Marcelo Tinellila la felicit\u00f3 en vivo tras enterarse que la bell\u00edsima morocha \u00a0integrante \u00a0del sfatt de bailarinas de ShowMatch, fue consagrada como Miss Universo Argentina.<\/p>\n<p><iframe loading=\"lazy\" src=\"https:\/\/www.youtube.com\/embed\/Hyr7NSH4xLU\" width=\"560\" height=\"315\" frameborder=\"0\" allowfullscreen=\"allowfullscreen\"><\/iframe><\/p>\n","protected":false},"excerpt":{"rendered":"<p>El conductor demostr\u00f3 todo su asombro al aire al saludar a una de las chicas que integran su staff por haber ganado el concurso de belleza. La bailarina\u00a0vivi\u00f3 una noche distinta este lunes, cuando Marcelo Tinellila la felicit\u00f3 en vivo tras enterarse que la bell\u00edsima morocha \u00a0integrante \u00a0del sfatt de bailarinas de ShowMatch, fue consagrada [&hellip;]<\/p>\n","protected":false},"author":1,"featured_media":48068,"comment_status":"closed","ping_status":"closed","sticky":false,"template":"","format":"standard","meta":{"_seopress_robots_primary_cat":"","_seopress_titles_title":"","_seopress_titles_desc":"","_seopress_robots_index":"","footnotes":""},"categories":[477],"tags":[31068],"class_list":{"0":"post-48067","1":"post","2":"type-post","3":"status-publish","4":"format-standard","5":"has-post-thumbnail","7":"category-showmatch","8":"tag-estefania-bernal-miss-universo-argentina"},"_links":{"self":[{"href":"https:\/\/www.cordobatimes.com\/showup\/wp-json\/wp\/v2\/posts\/48067","targetHints":{"allow":["GET"]}}],"collection":[{"href":"https:\/\/www.cordobatimes.com\/showup\/wp-json\/wp\/v2\/posts"}],"about":[{"href":"https:\/\/www.cordobatimes.com\/showup\/wp-json\/wp\/v2\/types\/post"}],"author":[{"embeddable":true,"href":"https:\/\/www.cordobatimes.com\/showup\/wp-json\/wp\/v2\/users\/1"}],"replies":[{"embeddable":true,"href":"https:\/\/www.cordobatimes.com\/showup\/wp-json\/wp\/v2\/comments?post=48067"}],"version-history":[{"count":0,"href":"https:\/\/www.cordobatimes.com\/showup\/wp-json\/wp\/v2\/posts\/48067\/revisions"}],"wp:featuredmedia":[{"embeddable":true,"href":"https:\/\/www.cordobatimes.com\/showup\/wp-json\/wp\/v2\/media\/48068"}],"wp:attachment":[{"href":"https:\/\/www.cordobatimes.com\/showup\/wp-json\/wp\/v2\/media?parent=48067"}],"wp:term":[{"taxonomy":"category","embeddable":true,"href":"https:\/\/www.cordobatimes.com\/showup\/wp-json\/wp\/v2\/categories?post=48067"},{"taxonomy":"post_tag","embeddable":true,"href":"https:\/\/www.cordobatimes.com\/showup\/wp-json\/wp\/v2\/tags?post=48067"}],"curies":[{"name":"wp","href":"https:\/\/api.w.org\/{rel}","templated":true}]}}