{"id":48001,"date":"2016-11-06T19:01:35","date_gmt":"2016-11-06T22:01:35","guid":{"rendered":"http:\/\/cordobatimes.com\/showup\/?p=48001"},"modified":"2020-04-24T20:42:50","modified_gmt":"2020-04-24T23:42:50","slug":"lali-esposito-es-la-cuarta-argentina-en-ganar-un-mtv-europe-music-awards","status":"publish","type":"post","link":"https:\/\/www.cordobatimes.com\/showup\/musica\/2016\/11\/06\/lali-esposito-es-la-cuarta-argentina-en-ganar-un-mtv-europe-music-awards\/","title":{"rendered":"Lali Esp\u00f3sito es la cuarta argentina en ganar un MTV Europe Music Awards"},"content":{"rendered":"<h3><strong>La joven estrella del pop fue galardonada en la ceremonia que se llev\u00f3 a cabo en \u00c1msterdam.<\/strong><\/h3>\n<div class=\"row\">\n<div class=\" col-md-offset-1 col-md-10 col-xs-12 col-print-12\">\n<p class=\"element element-paragraph\">Lali \u00a0fue elegida como mejor artista de Am\u00e9rica del Sur en los MTV EMA 2016 (Europe Music Awards), que realizaron en el estadio Ahoy de Rotterdam (Holanda).<\/p>\n<\/div>\n<\/div>\n<div class=\"row\">\n<div class=\" col-md-offset-1 col-md-10 col-xs-12 col-print-12\">\n<p class=\"element element-paragraph\">Antes de conocerse la noticia, las fans de la cantante argentina convirtieron en tendencia el\u00a0hashtag \u00abEL EMA ES TUYO LALI\u00a0\u00bb para apoyar a su \u00eddola.<\/p>\n<\/div>\n<\/div>\n<div class=\"row\">\n<div class=\" col-md-offset-1 col-md-10 col-xs-12 col-print-12\">\n<p class=\"element element-paragraph\">Por medio de las redes sociales, la estrella\u00a0de la m\u00fasica agradeci\u00f3 el galard\u00f3n\u00a0y el aliento de sus fans.<\/p>\n<p class=\"element element-paragraph\"><a href=\"http:\/\/cordobatimes.com\/showup\/wp-content\/uploads\/2016\/11\/descarga-1.jpg\"><img loading=\"lazy\" decoding=\"async\" class=\"alignnone size-full wp-image-48003\" src=\"http:\/\/cordobatimes.com\/showup\/wp-content\/uploads\/2016\/11\/descarga-1.jpg\" alt=\"descarga-1\" width=\"600\" height=\"115\" srcset=\"https:\/\/www.cordobatimes.com\/showup\/wp-content\/uploads\/2016\/11\/descarga-1.jpg 600w, https:\/\/www.cordobatimes.com\/showup\/wp-content\/uploads\/2016\/11\/descarga-1-300x58.jpg 300w\" sizes=\"auto, (max-width: 600px) 100vw, 600px\" \/><\/a> <img loading=\"lazy\" decoding=\"async\" class=\"alignnone size-full wp-image-48004\" src=\"http:\/\/cordobatimes.com\/showup\/wp-content\/uploads\/2016\/11\/descarga-2.jpg\" alt=\"descarga-2\" width=\"600\" height=\"196\" srcset=\"https:\/\/www.cordobatimes.com\/showup\/wp-content\/uploads\/2016\/11\/descarga-2.jpg 600w, https:\/\/www.cordobatimes.com\/showup\/wp-content\/uploads\/2016\/11\/descarga-2-300x98.jpg 300w\" sizes=\"auto, (max-width: 600px) 100vw, 600px\" \/><\/p>\n<div class=\"row\">\n<div class=\" col-md-offset-1 col-md-10 col-xs-12 col-print-12\">\n<p class=\"element element-paragraph\">La joven actriz y cantante, referente de la m\u00fasica Pop en todo el mundo recibi\u00f3 este premio por el \u00e1lbum <em>Soy<\/em>, que lanz\u00f3 el pasado 20 de mayo. Fue la \u00fanica argentina galardonada en el prestigioso evento, que se realiza una vez al a\u00f1o.<\/p>\n<\/div>\n<\/div>\n<div class=\"row\">\n<div class=\" col-md-offset-1 col-md-10 col-xs-12 col-print-12\">\n<p class=\"element element-paragraph\">Lali se encuentra en plena promoci\u00f3n del disco con su <em>Soy tour<\/em>, que comenz\u00f3 en Buenos Aires y llegar\u00e1 a muchas ciudades de Latinoam\u00e9rica. Luego llevar\u00e1 su m\u00fasica a Europa.<\/p>\n<\/div>\n<\/div>\n<div class=\"row\">\n<div class=\" col-md-offset-1 col-md-10 col-xs-12 col-print-12\">\n<p class=\"element element-paragraph\">Transita el mejor momento de su carrera y\u00a0nunca deja de ser noticia. Recientemente se confirm\u00f3 que ser\u00e1 la artista invitada para abrir los shows de Ricky Martin en M\u00e9xico, en el marco de su gira <em>One World Tour<\/em>, en varias ciudades de M\u00e9xico.<\/p>\n<\/div>\n<\/div>\n<div class=\"row\">\n<div id=\"placeholder\"><\/div>\n<div class=\"element element-rawhtml col-md-offset-1 col-md-10 col-xs-12\"><\/div>\n<\/div>\n<\/div>\n<\/div>\n","protected":false},"excerpt":{"rendered":"<p>La joven estrella del pop fue galardonada en la ceremonia que se llev\u00f3 a cabo en \u00c1msterdam. Lali \u00a0fue elegida como mejor artista de Am\u00e9rica del Sur en los MTV EMA 2016 (Europe Music Awards), que realizaron en el estadio Ahoy de Rotterdam (Holanda). Antes de conocerse la noticia, las fans de la cantante argentina [&hellip;]<\/p>\n","protected":false},"author":1,"featured_media":48002,"comment_status":"closed","ping_status":"closed","sticky":false,"template":"","format":"standard","meta":{"_seopress_robots_primary_cat":"","_seopress_titles_title":"","_seopress_titles_desc":"","_seopress_robots_index":"","footnotes":""},"categories":[5],"tags":[31073],"class_list":{"0":"post-48001","1":"post","2":"type-post","3":"status-publish","4":"format-standard","5":"has-post-thumbnail","7":"category-musica","8":"tag-lali-esposito-mtv-europe-music-awards"},"_links":{"self":[{"href":"https:\/\/www.cordobatimes.com\/showup\/wp-json\/wp\/v2\/posts\/48001","targetHints":{"allow":["GET"]}}],"collection":[{"href":"https:\/\/www.cordobatimes.com\/showup\/wp-json\/wp\/v2\/posts"}],"about":[{"href":"https:\/\/www.cordobatimes.com\/showup\/wp-json\/wp\/v2\/types\/post"}],"author":[{"embeddable":true,"href":"https:\/\/www.cordobatimes.com\/showup\/wp-json\/wp\/v2\/users\/1"}],"replies":[{"embeddable":true,"href":"https:\/\/www.cordobatimes.com\/showup\/wp-json\/wp\/v2\/comments?post=48001"}],"version-history":[{"count":0,"href":"https:\/\/www.cordobatimes.com\/showup\/wp-json\/wp\/v2\/posts\/48001\/revisions"}],"wp:featuredmedia":[{"embeddable":true,"href":"https:\/\/www.cordobatimes.com\/showup\/wp-json\/wp\/v2\/media\/48002"}],"wp:attachment":[{"href":"https:\/\/www.cordobatimes.com\/showup\/wp-json\/wp\/v2\/media?parent=48001"}],"wp:term":[{"taxonomy":"category","embeddable":true,"href":"https:\/\/www.cordobatimes.com\/showup\/wp-json\/wp\/v2\/categories?post=48001"},{"taxonomy":"post_tag","embeddable":true,"href":"https:\/\/www.cordobatimes.com\/showup\/wp-json\/wp\/v2\/tags?post=48001"}],"curies":[{"name":"wp","href":"https:\/\/api.w.org\/{rel}","templated":true}]}}