{"id":47995,"date":"2016-11-04T23:57:04","date_gmt":"2016-11-05T02:57:04","guid":{"rendered":"http:\/\/cordobatimes.com\/showup\/?p=47995"},"modified":"2020-04-24T21:01:32","modified_gmt":"2020-04-25T00:01:32","slug":"pedro-alfonso-junto-a-flor-vigna-festejo-con-su-papa-en-el-merengue-en-familia","status":"publish","type":"post","link":"https:\/\/www.cordobatimes.com\/showup\/showmatch\/2016\/11\/04\/pedro-alfonso-junto-a-flor-vigna-festejo-con-su-papa-en-el-merengue-en-familia\/","title":{"rendered":"Pedro Alfonso junto a Flor Vigna festej\u00f3 con su pap\u00e1 en el merengue en familia"},"content":{"rendered":"<h3><strong>El comediante hizo junto a su padre una divertida coreograf\u00eda que incluy\u00f3 saltos ornamentales y sorprendi\u00f3 a todos.<\/strong><\/h3>\n<p>La segunda gala de Merengue en familia se inici\u00f3 con la presentaci\u00f3n de Pedro Alfonso, quien sum\u00f3 a su pap\u00e1, Horacio, para bailar junto a Florencia Vigna \u201cQu\u00e9 buena est\u00e1 la fiesta\u201d, de Los Hermanos Rosario.<\/p>\n<p><iframe loading=\"lazy\" src=\"https:\/\/www.youtube.com\/embed\/eDOqvJ96Zy4\" width=\"560\" height=\"315\" frameborder=\"0\" allowfullscreen=\"allowfullscreen\"><\/iframe><\/p>\n<p>Me muevo simulando que bailo. Vengo a disfrutar con Pedro\u201d, aclar\u00f3 Horacio en la previa.<br \/>\n\u201cNunca te vi re\u00edrte tanto en un baile, Pedro. Estabas con mucha energ\u00eda\u201d, analiz\u00f3 \u00c1ngel De Brito (voto secreto) a la hora de las devoluciones.<br \/>\n\u201cMe encant\u00f3 la coreograf\u00eda. Me re\u00ed much\u00edsimo, estuvo espectacular\u201d, enfatiz\u00f3 Carolina \u201cPampita\u201d Ardohain (10).<br \/>\n\u201cBrindaron un show de gran impacto, con una energ\u00eda desbordante. Estuvieron maravillosos\u201d, los felicit\u00f3 Moria Cas\u00e1n (10).<br \/>\n\u201cExcelente la administraci\u00f3n de toda la coreo. Fue una joya, una fiesta\u201d, se sac\u00f3 el sombrero Soledad Silveyra (10).<br \/>\n\u201cMe gust\u00f3 lo que hicieron. Igual, el padre de Pedro rinde m\u00e1s parado que en la pista\u201d, les puso un freno en su ep\u00edlogo Marcelo Polino (6). Total: 36 puntos.<\/p>\n","protected":false},"excerpt":{"rendered":"<p>El comediante hizo junto a su padre una divertida coreograf\u00eda que incluy\u00f3 saltos ornamentales y sorprendi\u00f3 a todos. La segunda gala de Merengue en familia se inici\u00f3 con la presentaci\u00f3n de Pedro Alfonso, quien sum\u00f3 a su pap\u00e1, Horacio, para bailar junto a Florencia Vigna \u201cQu\u00e9 buena est\u00e1 la fiesta\u201d, de Los Hermanos Rosario. Me [&hellip;]<\/p>\n","protected":false},"author":1,"featured_media":47996,"comment_status":"closed","ping_status":"closed","sticky":false,"template":"","format":"standard","meta":{"_seopress_robots_primary_cat":"","_seopress_titles_title":"","_seopress_titles_desc":"","_seopress_robots_index":"","footnotes":""},"categories":[477],"tags":[31074],"class_list":{"0":"post-47995","1":"post","2":"type-post","3":"status-publish","4":"format-standard","5":"has-post-thumbnail","7":"category-showmatch","8":"tag-pedro-alfonso-y-flor-vigna-merengue-en-familia"},"_links":{"self":[{"href":"https:\/\/www.cordobatimes.com\/showup\/wp-json\/wp\/v2\/posts\/47995","targetHints":{"allow":["GET"]}}],"collection":[{"href":"https:\/\/www.cordobatimes.com\/showup\/wp-json\/wp\/v2\/posts"}],"about":[{"href":"https:\/\/www.cordobatimes.com\/showup\/wp-json\/wp\/v2\/types\/post"}],"author":[{"embeddable":true,"href":"https:\/\/www.cordobatimes.com\/showup\/wp-json\/wp\/v2\/users\/1"}],"replies":[{"embeddable":true,"href":"https:\/\/www.cordobatimes.com\/showup\/wp-json\/wp\/v2\/comments?post=47995"}],"version-history":[{"count":0,"href":"https:\/\/www.cordobatimes.com\/showup\/wp-json\/wp\/v2\/posts\/47995\/revisions"}],"wp:featuredmedia":[{"embeddable":true,"href":"https:\/\/www.cordobatimes.com\/showup\/wp-json\/wp\/v2\/media\/47996"}],"wp:attachment":[{"href":"https:\/\/www.cordobatimes.com\/showup\/wp-json\/wp\/v2\/media?parent=47995"}],"wp:term":[{"taxonomy":"category","embeddable":true,"href":"https:\/\/www.cordobatimes.com\/showup\/wp-json\/wp\/v2\/categories?post=47995"},{"taxonomy":"post_tag","embeddable":true,"href":"https:\/\/www.cordobatimes.com\/showup\/wp-json\/wp\/v2\/tags?post=47995"}],"curies":[{"name":"wp","href":"https:\/\/api.w.org\/{rel}","templated":true}]}}