{"id":47952,"date":"2016-11-03T19:55:11","date_gmt":"2016-11-03T22:55:11","guid":{"rendered":"http:\/\/cordobatimes.com\/showup\/?p=47952"},"modified":"2020-04-25T09:54:50","modified_gmt":"2020-04-25T12:54:50","slug":"lali-esposito-sera-jurado-en-el-festival-de-vina-del-mar-2017","status":"publish","type":"post","link":"https:\/\/www.cordobatimes.com\/showup\/musica\/2016\/11\/03\/lali-esposito-sera-jurado-en-el-festival-de-vina-del-mar-2017\/","title":{"rendered":"Lali Esp\u00f3sito ser\u00e1 jurado en \u00e9l Festival de Vi\u00f1a del Mar 2017"},"content":{"rendered":"<h3><strong>A trav\u00e9s de su cuenta oficial de Twitter, el certamen oficializ\u00f3 la presentaci\u00f3n de la cantante.<\/strong><\/h3>\n<p>Lali estar\u00e1 por prime vez \u00a0sobre el escenario del Festival de Vi\u00f1a, adem\u00e1s su gira con el soy tour la llevar\u00e1 a chile el \u00a01 de diciembre, fecha en la que se presentar\u00e1 junto a Abraham Mateo en el Teatro Caupolic\u00e1n.<\/p>\n<blockquote class=\"twitter-tweet\" data-lang=\"es\">\n<p dir=\"ltr\" lang=\"es\">TENEMOS NUEVOS CONFIRMADOS!!! Lali (<a href=\"https:\/\/twitter.com\/laliespos\">@laliespos<\/a>) y Am\u00e9rico (<a href=\"https:\/\/twitter.com\/AmericoOficial\">@AmericoOficial<\/a>) estar\u00e1n con nosotros en febrero. BIENVENIDOS a <a href=\"https:\/\/twitter.com\/hashtag\/Vi%C3%B1a2017?src=hash\">#Vi\u00f1a2017<\/a>!!! <a href=\"https:\/\/t.co\/ea4oG1yYWH\">pic.twitter.com\/ea4oG1yYWH<\/a><\/p>\n<p>\u2014 El Festival (@elfestival) <a href=\"https:\/\/twitter.com\/elfestival\/status\/794292317968617472\">3 de noviembre de 2016<\/a><\/p><\/blockquote>\n<p><script src=\"\/\/platform.twitter.com\/widgets.js\" async=\"\" charset=\"utf-8\"><\/script><\/p>\n<blockquote class=\"twitter-tweet\" data-lang=\"es\"><p>Lali (<a href=\"https:\/\/twitter.com\/laliespos\">@laliespos<\/a>), una de las revelaciones en el pop latino de las \u00faltimas temporadas, ser\u00e1 parte tambi\u00e9n de nuestro jurado <a href=\"https:\/\/t.co\/NCd9jKXLzQ\">pic.twitter.com\/NCd9jKXLzQ<\/a><\/p>\n<p>\u2014 El Festival (@elfestival) <a href=\"https:\/\/twitter.com\/elfestival\/status\/794296138295902208\">3 de noviembre de 2016<\/a><\/p><\/blockquote>\n<p><script src=\"\/\/platform.twitter.com\/widgets.js\" async=\"\" charset=\"utf-8\"><\/script><\/p>\n","protected":false},"excerpt":{"rendered":"<p>A trav\u00e9s de su cuenta oficial de Twitter, el certamen oficializ\u00f3 la presentaci\u00f3n de la cantante. Lali estar\u00e1 por prime vez \u00a0sobre el escenario del Festival de Vi\u00f1a, adem\u00e1s su gira con el soy tour la llevar\u00e1 a chile el \u00a01 de diciembre, fecha en la que se presentar\u00e1 junto a Abraham Mateo en el [&hellip;]<\/p>\n","protected":false},"author":1,"featured_media":47953,"comment_status":"closed","ping_status":"closed","sticky":false,"template":"","format":"standard","meta":{"_seopress_robots_primary_cat":"","_seopress_titles_title":"","_seopress_titles_desc":"","_seopress_robots_index":"","footnotes":""},"categories":[5],"tags":[16769,31077],"class_list":{"0":"post-47952","1":"post","2":"type-post","3":"status-publish","4":"format-standard","5":"has-post-thumbnail","7":"category-musica","8":"tag-festival-de-vina-del-mar-2017","9":"tag-lali-esposito-jurado-en-el-festival-de-vina-del-mar"},"_links":{"self":[{"href":"https:\/\/www.cordobatimes.com\/showup\/wp-json\/wp\/v2\/posts\/47952","targetHints":{"allow":["GET"]}}],"collection":[{"href":"https:\/\/www.cordobatimes.com\/showup\/wp-json\/wp\/v2\/posts"}],"about":[{"href":"https:\/\/www.cordobatimes.com\/showup\/wp-json\/wp\/v2\/types\/post"}],"author":[{"embeddable":true,"href":"https:\/\/www.cordobatimes.com\/showup\/wp-json\/wp\/v2\/users\/1"}],"replies":[{"embeddable":true,"href":"https:\/\/www.cordobatimes.com\/showup\/wp-json\/wp\/v2\/comments?post=47952"}],"version-history":[{"count":0,"href":"https:\/\/www.cordobatimes.com\/showup\/wp-json\/wp\/v2\/posts\/47952\/revisions"}],"wp:featuredmedia":[{"embeddable":true,"href":"https:\/\/www.cordobatimes.com\/showup\/wp-json\/wp\/v2\/media\/47953"}],"wp:attachment":[{"href":"https:\/\/www.cordobatimes.com\/showup\/wp-json\/wp\/v2\/media?parent=47952"}],"wp:term":[{"taxonomy":"category","embeddable":true,"href":"https:\/\/www.cordobatimes.com\/showup\/wp-json\/wp\/v2\/categories?post=47952"},{"taxonomy":"post_tag","embeddable":true,"href":"https:\/\/www.cordobatimes.com\/showup\/wp-json\/wp\/v2\/tags?post=47952"}],"curies":[{"name":"wp","href":"https:\/\/api.w.org\/{rel}","templated":true}]}}