{"id":47643,"date":"2016-10-26T19:25:48","date_gmt":"2016-10-26T22:25:48","guid":{"rendered":"http:\/\/cordobatimes.com\/showup\/?p=47643"},"modified":"2020-04-16T21:54:36","modified_gmt":"2020-04-17T00:54:36","slug":"el-grupo-abba-regresa-con-una-nueva-experiencia-digital","status":"publish","type":"post","link":"https:\/\/www.cordobatimes.com\/showup\/musica\/2016\/10\/26\/el-grupo-abba-regresa-con-una-nueva-experiencia-digital\/","title":{"rendered":"El grupo ABBA regresa con una nueva experiencia digital"},"content":{"rendered":"<h3><strong>La emblem\u00e1tica banda sueca se juntar\u00e1 para \u201ccrear una experiencia original de entretenimiento\u201d.<\/strong><\/h3>\n<p class=\"primero\">Los miembros del grupo ABBA se reunir\u00e1n para una \u201cnueva experiencia digital\u201d el pr\u00f3ximo a\u00f1o, inform\u00f3 AP.<\/p>\n<p>Benny Andersson, Anni-Frid Lyngstad, Bj\u00f6rn Ulvaeus y Agnetha F\u00e4ltskog, los miembros de\u00a0la emblem\u00e1tica banda sueca, se han unido con Universal Music Group y el magnate del espect\u00e1culo Simon Fuller (\u201cAmerican Idol\u201d, Spice Girls) para \u201ccrear una experiencia original de entretenimiento\u201d que le permitir\u00e1 a una nueva generaci\u00f3n de admiradores ver, o\u00edr y sentir a ABBA de un modo nunca antes imaginado.<\/p>\n<p>El cuarteto se form\u00f3 en Estocolmo en 1972 y actu\u00f3 junto por \u00faltima vez hace 35 a\u00f1os.<\/p>\n<p>Los cuatro integrantes hicieron una aparici\u00f3n en enero pasado para la inauguraci\u00f3n de Mamma Mia!, un restaurante tem\u00e1tico inspirado en la taberna griega que se ve en el filme hom\u00f3nimo, donde, por supuesto, hay un show que recrea todas las canciones del conjunto.<\/p>\n<p>Los \u00e9xitos de ABBA incluyen \u201cChiquitita\u201d, \u201cDancing Queen\u201d, \u201cVoulez-Vous\u201d y \u201cTake a Chance on Me\u201d.<\/p>\n","protected":false},"excerpt":{"rendered":"<p>La emblem\u00e1tica banda sueca se juntar\u00e1 para \u201ccrear una experiencia original de entretenimiento\u201d. Los miembros del grupo ABBA se reunir\u00e1n para una \u201cnueva experiencia digital\u201d el pr\u00f3ximo a\u00f1o, inform\u00f3 AP. Benny Andersson, Anni-Frid Lyngstad, Bj\u00f6rn Ulvaeus y Agnetha F\u00e4ltskog, los miembros de\u00a0la emblem\u00e1tica banda sueca, se han unido con Universal Music Group y el magnate [&hellip;]<\/p>\n","protected":false},"author":1,"featured_media":47645,"comment_status":"closed","ping_status":"closed","sticky":false,"template":"","format":"standard","meta":{"_seopress_robots_primary_cat":"","_seopress_titles_title":"","_seopress_titles_desc":"","_seopress_robots_index":"","footnotes":""},"categories":[5],"tags":[30870],"class_list":{"0":"post-47643","1":"post","2":"type-post","3":"status-publish","4":"format-standard","5":"has-post-thumbnail","7":"category-musica","8":"tag-abba-experiencia-digital"},"_links":{"self":[{"href":"https:\/\/www.cordobatimes.com\/showup\/wp-json\/wp\/v2\/posts\/47643","targetHints":{"allow":["GET"]}}],"collection":[{"href":"https:\/\/www.cordobatimes.com\/showup\/wp-json\/wp\/v2\/posts"}],"about":[{"href":"https:\/\/www.cordobatimes.com\/showup\/wp-json\/wp\/v2\/types\/post"}],"author":[{"embeddable":true,"href":"https:\/\/www.cordobatimes.com\/showup\/wp-json\/wp\/v2\/users\/1"}],"replies":[{"embeddable":true,"href":"https:\/\/www.cordobatimes.com\/showup\/wp-json\/wp\/v2\/comments?post=47643"}],"version-history":[{"count":0,"href":"https:\/\/www.cordobatimes.com\/showup\/wp-json\/wp\/v2\/posts\/47643\/revisions"}],"wp:featuredmedia":[{"embeddable":true,"href":"https:\/\/www.cordobatimes.com\/showup\/wp-json\/wp\/v2\/media\/47645"}],"wp:attachment":[{"href":"https:\/\/www.cordobatimes.com\/showup\/wp-json\/wp\/v2\/media?parent=47643"}],"wp:term":[{"taxonomy":"category","embeddable":true,"href":"https:\/\/www.cordobatimes.com\/showup\/wp-json\/wp\/v2\/categories?post=47643"},{"taxonomy":"post_tag","embeddable":true,"href":"https:\/\/www.cordobatimes.com\/showup\/wp-json\/wp\/v2\/tags?post=47643"}],"curies":[{"name":"wp","href":"https:\/\/api.w.org\/{rel}","templated":true}]}}