{"id":47603,"date":"2016-10-26T09:46:46","date_gmt":"2016-10-26T12:46:46","guid":{"rendered":"http:\/\/cordobatimes.com\/showup\/?p=47603"},"modified":"2020-04-17T08:13:18","modified_gmt":"2020-04-17T11:13:18","slug":"federico-bal-comparto-mucho-de-lo-que-dice-barbie","status":"publish","type":"post","link":"https:\/\/www.cordobatimes.com\/showup\/showmatch\/2016\/10\/26\/federico-bal-comparto-mucho-de-lo-que-dice-barbie\/","title":{"rendered":"Federico Bal: \u00abComparto mucho de lo que dice Barbie\u00bb"},"content":{"rendered":"<h3><strong>El actor regres\u00f3 a la pista del Bailando y se refiri\u00f3 al momento que tanto \u00e9l como su ex, Barbie V\u00e9lez, vivieron en la noche del lunes con el fin de no cruzarse para as\u00ed poder respetar la restricci\u00f3n perimetral impuesta por la Justicia.<\/strong><\/h3>\n<p>EL lunes, en el Bailando, Barbie V\u00e9lez y Federico Bal tuvieron que enfrentarse en el duelo e Ideas del Sur tuvo que hacer \u00abmagia\u00bb para que pueda cumplirse con la orden perimetral que afecta a la ex pareja.<\/p>\n<p>Cada uno de los participantes fue transportado en distintos taxis y uno de ellos, mientras el otro bailaba en el estudio, aguardaba en C5n.<\/p>\n<p>Lo cierto es que durante la jornada de este martes, la opini\u00f3n p\u00fablica y varios medios hablaron sobre una supuesta \u00abbanalizaci\u00f3n\u00bb de lo que hab\u00eda ocurrido entre la pareja y muchos salieron a destrozarlos.<\/p>\n<p>Anoche, en ShowMatch, Federico brind\u00f3 su opini\u00f3n al respecto de lo ocurrido.<\/p>\n<p><iframe loading=\"lazy\" src=\"https:\/\/www.youtube.com\/embed\/qr4DmfESa2c\" width=\"560\" height=\"315\" frameborder=\"0\" allowfullscreen=\"allowfullscreen\"><\/iframe><\/p>\n","protected":false},"excerpt":{"rendered":"<p>El actor regres\u00f3 a la pista del Bailando y se refiri\u00f3 al momento que tanto \u00e9l como su ex, Barbie V\u00e9lez, vivieron en la noche del lunes con el fin de no cruzarse para as\u00ed poder respetar la restricci\u00f3n perimetral impuesta por la Justicia. EL lunes, en el Bailando, Barbie V\u00e9lez y Federico Bal tuvieron [&hellip;]<\/p>\n","protected":false},"author":1,"featured_media":47604,"comment_status":"closed","ping_status":"closed","sticky":false,"template":"","format":"standard","meta":{"_seopress_robots_primary_cat":"","_seopress_titles_title":"","_seopress_titles_desc":"","_seopress_robots_index":"","footnotes":""},"categories":[477],"tags":[16586],"class_list":{"0":"post-47603","1":"post","2":"type-post","3":"status-publish","4":"format-standard","5":"has-post-thumbnail","7":"category-showmatch","8":"tag-barbie-velez-y-federico-bal"},"_links":{"self":[{"href":"https:\/\/www.cordobatimes.com\/showup\/wp-json\/wp\/v2\/posts\/47603","targetHints":{"allow":["GET"]}}],"collection":[{"href":"https:\/\/www.cordobatimes.com\/showup\/wp-json\/wp\/v2\/posts"}],"about":[{"href":"https:\/\/www.cordobatimes.com\/showup\/wp-json\/wp\/v2\/types\/post"}],"author":[{"embeddable":true,"href":"https:\/\/www.cordobatimes.com\/showup\/wp-json\/wp\/v2\/users\/1"}],"replies":[{"embeddable":true,"href":"https:\/\/www.cordobatimes.com\/showup\/wp-json\/wp\/v2\/comments?post=47603"}],"version-history":[{"count":0,"href":"https:\/\/www.cordobatimes.com\/showup\/wp-json\/wp\/v2\/posts\/47603\/revisions"}],"wp:featuredmedia":[{"embeddable":true,"href":"https:\/\/www.cordobatimes.com\/showup\/wp-json\/wp\/v2\/media\/47604"}],"wp:attachment":[{"href":"https:\/\/www.cordobatimes.com\/showup\/wp-json\/wp\/v2\/media?parent=47603"}],"wp:term":[{"taxonomy":"category","embeddable":true,"href":"https:\/\/www.cordobatimes.com\/showup\/wp-json\/wp\/v2\/categories?post=47603"},{"taxonomy":"post_tag","embeddable":true,"href":"https:\/\/www.cordobatimes.com\/showup\/wp-json\/wp\/v2\/tags?post=47603"}],"curies":[{"name":"wp","href":"https:\/\/api.w.org\/{rel}","templated":true}]}}