{"id":47476,"date":"2016-10-23T10:30:21","date_gmt":"2016-10-23T13:30:21","guid":{"rendered":"http:\/\/cordobatimes.com\/showup\/?p=47476"},"modified":"2020-04-17T09:23:20","modified_gmt":"2020-04-17T12:23:20","slug":"lali-esposito-convirtio-el-orfeo-en-un-fuego","status":"publish","type":"post","link":"https:\/\/www.cordobatimes.com\/showup\/musica\/2016\/10\/23\/lali-esposito-convirtio-el-orfeo-en-un-fuego\/","title":{"rendered":"Lali Esp\u00f3sito Convirti\u00f3 el Orfeo en un fuego"},"content":{"rendered":"<h3><strong>La cantante\u00a0brill\u00f3 con el soy tour en\u00a0C\u00f3rdoba<\/strong><\/h3>\n<p>La estrella del momento hizo vibrar el estadio Orfeo Superdomo \u00a0con un espectacular show, donde adem\u00e1s dijo que siempre fue su sue\u00f1o tocar.<\/p>\n<p>El publico canto euf\u00f3rico cada una de sus canciones y tambi\u00e9n \u00a0llevo \u00a0a cabo la \u00a0\u00abFan Action\u00bb de usar pulseras audioritmicas .<\/p>\n<blockquote class=\"twitter-video\" data-lang=\"es\">\n<p dir=\"ltr\" lang=\"es\">Dale no falta nada !!!! Lleva tu pulsera para vivir una gran fiesta junto a Lali en <a href=\"https:\/\/twitter.com\/OrfeoSuperdomo\">@OrfeoSuperdomo<\/a> <a href=\"https:\/\/twitter.com\/envivonet\">@envivonet<\/a> \u2764 <a href=\"https:\/\/t.co\/WZeo9VxyrZ\">pic.twitter.com\/WZeo9VxyrZ<\/a><\/p>\n<p>\u2014 Noe (@esposteam) <a href=\"https:\/\/twitter.com\/esposteam\/status\/789141293314236417\">20 de octubre de 2016<\/a><\/p><\/blockquote>\n<p><script src=\"\/\/platform.twitter.com\/widgets.js\" async=\"\" charset=\"utf-8\"><\/script>A continuaci\u00f3n te mostramos videos y fotos del gran show.<\/p>\n<blockquote class=\"twitter-tweet\" data-lang=\"es\"><p>Arranc\u00f3 <a href=\"https:\/\/twitter.com\/laliespos\">@laliespos<\/a> en <a href=\"https:\/\/twitter.com\/OrfeoSuperdomo\">@OrfeoSuperdomo<\/a>! <a href=\"https:\/\/twitter.com\/hashtag\/LaliEnC%C3%B3rdoba?src=hash\">#LaliEnC\u00f3rdoba<\/a> <a href=\"https:\/\/twitter.com\/hashtag\/SoyTour?src=hash\">#SoyTour<\/a> <a href=\"https:\/\/t.co\/UeWmsmZt5F\">pic.twitter.com\/UeWmsmZt5F<\/a> \u2014 En Vivo Producciones (@envivonet) <a href=\"https:\/\/twitter.com\/envivonet\/status\/789996976272211968\">23 de octubre de 2016<\/a><\/p><\/blockquote>\n<p><script src=\"\/\/platform.twitter.com\/widgets.js\" async=\"\" charset=\"utf-8\"><\/script><\/p>\n<blockquote class=\"twitter-tweet\" data-lang=\"es\">\n<p dir=\"ltr\" lang=\"es\">Estalla <a href=\"https:\/\/twitter.com\/OrfeoSuperdomo\">@OrfeoSuperdomo<\/a> con &#8216;Tu revoluci\u00f3n&#8217;. Sigue a puro agite <a href=\"https:\/\/twitter.com\/laliespos\">@laliespos<\/a>! <a href=\"https:\/\/twitter.com\/hashtag\/LaliEnC%C3%B3rdoba?src=hash\">#LaliEnC\u00f3rdoba<\/a> <a href=\"https:\/\/twitter.com\/hashtag\/SoyTour?src=hash\">#SoyTour<\/a> <a href=\"https:\/\/t.co\/QesWUSUPuc\">pic.twitter.com\/QesWUSUPuc<\/a><\/p>\n<p>\u2014 En Vivo Producciones (@envivonet) <a href=\"https:\/\/twitter.com\/envivonet\/status\/790000102798716928\">23 de octubre de 2016<\/a><\/p><\/blockquote>\n<p><script src=\"\/\/platform.twitter.com\/widgets.js\" async=\"\" charset=\"utf-8\"><\/script><\/p>\n<blockquote class=\"twitter-video\" data-lang=\"es\"><p>Y se vino la &#8216;Bomba&#8217; para levantar la temperatura de <a href=\"https:\/\/twitter.com\/OrfeoSuperdomo\">@OrfeoSuperdomo<\/a>! Imparable <a href=\"https:\/\/twitter.com\/laliespos\">@laliespos<\/a> <a href=\"https:\/\/twitter.com\/hashtag\/LaliEnC%C3%B3rdoba?src=hash\">#LaliEnC\u00f3rdoba<\/a> <a href=\"https:\/\/twitter.com\/hashtag\/SoyTour?src=hash\">#SoyTour<\/a> <a href=\"https:\/\/t.co\/DSOLmzE4z4\">pic.twitter.com\/DSOLmzE4z4<\/a> \u2014 En Vivo Producciones (@envivonet) <a href=\"https:\/\/twitter.com\/envivonet\/status\/790002754894856192\">23 de octubre de 2016<\/a><\/p><\/blockquote>\n<p><script src=\"\/\/platform.twitter.com\/widgets.js\" async=\"\" charset=\"utf-8\"><\/script><\/p>\n<blockquote class=\"twitter-video\" data-lang=\"es\">\n<p dir=\"ltr\" lang=\"es\">&#8216;Esta es una de mis preferidas del disco&#8217;, dice <a href=\"https:\/\/twitter.com\/laliespos\">@laliespos<\/a>. Y as\u00ed arranca &#8216;Amor es presente&#8217; coreado por todo <a href=\"https:\/\/twitter.com\/OrfeoSuperdomo\">@OrfeoSuperdomo<\/a> <a href=\"https:\/\/twitter.com\/hashtag\/LaliEnC%C3%B3rdoba?src=hash\">#LaliEnC\u00f3rdoba<\/a> <a href=\"https:\/\/t.co\/gpbCa0ljW1\">pic.twitter.com\/gpbCa0ljW1<\/a><\/p>\n<p>\u2014 En Vivo Producciones (@envivonet) <a href=\"https:\/\/twitter.com\/envivonet\/status\/790006672852918272\">23 de octubre de 2016<\/a><\/p><\/blockquote>\n<p><script src=\"\/\/platform.twitter.com\/widgets.js\" async=\"\" charset=\"utf-8\"><\/script><\/p>\n<blockquote class=\"twitter-video\" data-lang=\"es\"><p>&#8216;Siempre fue un sue\u00f1o tocar en <a href=\"https:\/\/twitter.com\/OrfeoSuperdomo\">@OrfeoSuperdomo<\/a>!&#8217; dice <a href=\"https:\/\/twitter.com\/laliespos\">@laliespos<\/a> despu\u00e9s de hacer vibrar a todos con &#8216;\u00danico&#8217;. <a href=\"https:\/\/twitter.com\/hashtag\/LaliEnC%C3%B3rdoba?src=hash\">#LaliEnC\u00f3rdoba<\/a> <a href=\"https:\/\/twitter.com\/hashtag\/SoyTour?src=hash\">#SoyTour<\/a> <a href=\"https:\/\/t.co\/tvTFI67OJ0\">pic.twitter.com\/tvTFI67OJ0<\/a> \u2014 En Vivo Producciones (@envivonet) <a href=\"https:\/\/twitter.com\/envivonet\/status\/790010866934681600\">23 de octubre de 2016<\/a><\/p><\/blockquote>\n<p>&nbsp;<\/p>\n<blockquote class=\"twitter-video\" data-lang=\"es\"><p>CUANDO NOS HIZO CANTAR BOOMERANG <a href=\"https:\/\/twitter.com\/hashtag\/LaliEnCordoba?src=hash\">#LaliEnCordoba<\/a> <a href=\"https:\/\/t.co\/jg4bAyxcre\">pic.twitter.com\/jg4bAyxcre<\/a> \u2014 fiore\u00a0~ (@sonmifelicidad_) <a href=\"https:\/\/twitter.com\/sonmifelicidad_\/status\/790035380116545536\">23 de octubre de 2016<\/a><\/p><\/blockquote>\n<p><script src=\"\/\/platform.twitter.com\/widgets.js\" async=\"\" charset=\"utf-8\"><\/script><\/p>\n<p><script src=\"\/\/platform.twitter.com\/widgets.js\" async=\"\" charset=\"utf-8\"><\/script><\/p>\n<blockquote class=\"twitter-video\" data-lang=\"es\"><p>Y <a href=\"https:\/\/twitter.com\/laliespos\">@laliespos<\/a> convierte el <a href=\"https:\/\/twitter.com\/OrfeoSuperdomo\">@OrfeoSuperdomo<\/a> en un fuego! Impresionante &#8216;A bailar&#8217; a puro salto! <a href=\"https:\/\/twitter.com\/hashtag\/LaliEnC%C3%B3rdoba?src=hash\">#LaliEnC\u00f3rdoba<\/a> <a href=\"https:\/\/twitter.com\/hashtag\/SoyTour?src=hash\">#SoyTour<\/a> <a href=\"https:\/\/t.co\/y4GdUVpHHE\">pic.twitter.com\/y4GdUVpHHE<\/a> \u2014 En Vivo Producciones (@envivonet) <a href=\"https:\/\/twitter.com\/envivonet\/status\/790013355411050496\">23 de octubre de 2016<\/a><\/p><\/blockquote>\n<p><script src=\"\/\/platform.twitter.com\/widgets.js\" async=\"\" charset=\"utf-8\"><\/script><\/p>\n<blockquote class=\"twitter-video\" data-lang=\"es\"><p>\u00a0 <a href=\"http:\/\/cordobatimes.com\/showup\/wp-content\/uploads\/2016\/10\/232566.jpg\"><img loading=\"lazy\" decoding=\"async\" class=\"alignnone wp-image-47478\" src=\"http:\/\/cordobatimes.com\/showup\/wp-content\/uploads\/2016\/10\/232566.jpg\" alt=\"23256\" width=\"585\" height=\"378\" srcset=\"https:\/\/www.cordobatimes.com\/showup\/wp-content\/uploads\/2016\/10\/232566.jpg 593w, https:\/\/www.cordobatimes.com\/showup\/wp-content\/uploads\/2016\/10\/232566-300x194.jpg 300w\" sizes=\"auto, (max-width: 585px) 100vw, 585px\" \/><\/a> <a href=\"http:\/\/cordobatimes.com\/showup\/wp-content\/uploads\/2016\/10\/1345526.jpg\"><img loading=\"lazy\" decoding=\"async\" class=\"alignnone wp-image-47479\" src=\"http:\/\/cordobatimes.com\/showup\/wp-content\/uploads\/2016\/10\/1345526.jpg\" alt=\"134552\" width=\"588\" height=\"388\" srcset=\"https:\/\/www.cordobatimes.com\/showup\/wp-content\/uploads\/2016\/10\/1345526.jpg 643w, https:\/\/www.cordobatimes.com\/showup\/wp-content\/uploads\/2016\/10\/1345526-300x198.jpg 300w\" sizes=\"auto, (max-width: 588px) 100vw, 588px\" \/><\/a> <a href=\"http:\/\/cordobatimes.com\/showup\/wp-content\/uploads\/2016\/10\/00185841596.jpg\"><img loading=\"lazy\" decoding=\"async\" class=\"alignnone wp-image-47480\" src=\"http:\/\/cordobatimes.com\/showup\/wp-content\/uploads\/2016\/10\/00185841596.jpg\" alt=\"0018584159\" width=\"596\" height=\"393\" srcset=\"https:\/\/www.cordobatimes.com\/showup\/wp-content\/uploads\/2016\/10\/00185841596.jpg 642w, https:\/\/www.cordobatimes.com\/showup\/wp-content\/uploads\/2016\/10\/00185841596-300x198.jpg 300w\" sizes=\"auto, (max-width: 596px) 100vw, 596px\" \/><\/a> <a href=\"http:\/\/cordobatimes.com\/showup\/wp-content\/uploads\/2016\/10\/00186021944.jpg\"><img loading=\"lazy\" decoding=\"async\" class=\"alignnone wp-image-47481\" src=\"http:\/\/cordobatimes.com\/showup\/wp-content\/uploads\/2016\/10\/00186021944.jpg\" alt=\"0018602194\" width=\"595\" height=\"392\" srcset=\"https:\/\/www.cordobatimes.com\/showup\/wp-content\/uploads\/2016\/10\/00186021944.jpg 631w, https:\/\/www.cordobatimes.com\/showup\/wp-content\/uploads\/2016\/10\/00186021944-300x198.jpg 300w\" sizes=\"auto, (max-width: 595px) 100vw, 595px\" \/><\/a> <img loading=\"lazy\" decoding=\"async\" class=\"alignnone wp-image-47482\" src=\"http:\/\/cordobatimes.com\/showup\/wp-content\/uploads\/2016\/10\/00186158814.jpg\" alt=\"0018615881\" width=\"592\" height=\"390\" srcset=\"https:\/\/www.cordobatimes.com\/showup\/wp-content\/uploads\/2016\/10\/00186158814.jpg 624w, https:\/\/www.cordobatimes.com\/showup\/wp-content\/uploads\/2016\/10\/00186158814-300x198.jpg 300w\" sizes=\"auto, (max-width: 592px) 100vw, 592px\" \/> <img loading=\"lazy\" decoding=\"async\" class=\"alignnone wp-image-47483\" src=\"http:\/\/cordobatimes.com\/showup\/wp-content\/uploads\/2016\/10\/Casa-Chespirito7.jpg\" alt=\"casa-chespirito\" width=\"591\" height=\"387\" srcset=\"https:\/\/www.cordobatimes.com\/showup\/wp-content\/uploads\/2016\/10\/Casa-Chespirito7.jpg 607w, https:\/\/www.cordobatimes.com\/showup\/wp-content\/uploads\/2016\/10\/Casa-Chespirito7-300x197.jpg 300w\" sizes=\"auto, (max-width: 591px) 100vw, 591px\" \/> <img loading=\"lazy\" decoding=\"async\" class=\"alignnone wp-image-47484\" src=\"http:\/\/cordobatimes.com\/showup\/wp-content\/uploads\/2016\/10\/Casa-Chespirito-26.jpg\" alt=\"casa-chespirito-2\" width=\"590\" height=\"395\" srcset=\"https:\/\/www.cordobatimes.com\/showup\/wp-content\/uploads\/2016\/10\/Casa-Chespirito-26.jpg 621w, https:\/\/www.cordobatimes.com\/showup\/wp-content\/uploads\/2016\/10\/Casa-Chespirito-26-300x201.jpg 300w\" sizes=\"auto, (max-width: 590px) 100vw, 590px\" \/><\/p>\n<p>&nbsp;<\/p>\n<p>Una \u00a0vez finalizado el show, Lali hizo un v\u00eddeo agradeciendole a todos sus fans cordobeses.<\/p>\n<blockquote class=\"twitter-video\" data-lang=\"es\">\n<p dir=\"ltr\" lang=\"es\">Que lindo que es verte SIEMPRE tan feliz despu\u00e9s de cada show \u2764 <a href=\"https:\/\/twitter.com\/laliespos\">@laliespos<\/a> <a href=\"https:\/\/twitter.com\/hashtag\/SOYTour?src=hash\">#SOYTour<\/a> <a href=\"https:\/\/twitter.com\/hashtag\/LaliEnCordoba?src=hash\">#LaliEnCordoba<\/a> <a href=\"https:\/\/t.co\/7cxaMAd74p\">pic.twitter.com\/7cxaMAd74p<\/a><\/p>\n<p>\u2014 Fansclub Lali Italia (@LaliNewsITA) <a href=\"https:\/\/twitter.com\/LaliNewsITA\/status\/790173334155694080\">23 de octubre de 2016<\/a><\/p><\/blockquote>\n<p><script src=\"\/\/platform.twitter.com\/widgets.js\" async=\"\" charset=\"utf-8\"><\/script><\/p><\/blockquote>\n","protected":false},"excerpt":{"rendered":"<p>La cantante\u00a0brill\u00f3 con el soy tour en\u00a0C\u00f3rdoba La estrella del momento hizo vibrar el estadio Orfeo Superdomo \u00a0con un espectacular show, donde adem\u00e1s dijo que siempre fue su sue\u00f1o tocar. El publico canto euf\u00f3rico cada una de sus canciones y tambi\u00e9n \u00a0llevo \u00a0a cabo la \u00a0\u00abFan Action\u00bb de usar pulseras audioritmicas . Dale no falta [&hellip;]<\/p>\n","protected":false},"author":1,"featured_media":47477,"comment_status":"closed","ping_status":"closed","sticky":false,"template":"","format":"standard","meta":{"_seopress_robots_primary_cat":"","_seopress_titles_title":"","_seopress_titles_desc":"","_seopress_robots_index":"","footnotes":""},"categories":[5],"tags":[11570,30882,16149],"class_list":{"0":"post-47476","1":"post","2":"type-post","3":"status-publish","4":"format-standard","5":"has-post-thumbnail","7":"category-musica","8":"tag-lali-en-cordoba","9":"tag-lali-en-el-orfeo","10":"tag-lali-esposito-en-cordoba"},"_links":{"self":[{"href":"https:\/\/www.cordobatimes.com\/showup\/wp-json\/wp\/v2\/posts\/47476","targetHints":{"allow":["GET"]}}],"collection":[{"href":"https:\/\/www.cordobatimes.com\/showup\/wp-json\/wp\/v2\/posts"}],"about":[{"href":"https:\/\/www.cordobatimes.com\/showup\/wp-json\/wp\/v2\/types\/post"}],"author":[{"embeddable":true,"href":"https:\/\/www.cordobatimes.com\/showup\/wp-json\/wp\/v2\/users\/1"}],"replies":[{"embeddable":true,"href":"https:\/\/www.cordobatimes.com\/showup\/wp-json\/wp\/v2\/comments?post=47476"}],"version-history":[{"count":0,"href":"https:\/\/www.cordobatimes.com\/showup\/wp-json\/wp\/v2\/posts\/47476\/revisions"}],"wp:featuredmedia":[{"embeddable":true,"href":"https:\/\/www.cordobatimes.com\/showup\/wp-json\/wp\/v2\/media\/47477"}],"wp:attachment":[{"href":"https:\/\/www.cordobatimes.com\/showup\/wp-json\/wp\/v2\/media?parent=47476"}],"wp:term":[{"taxonomy":"category","embeddable":true,"href":"https:\/\/www.cordobatimes.com\/showup\/wp-json\/wp\/v2\/categories?post=47476"},{"taxonomy":"post_tag","embeddable":true,"href":"https:\/\/www.cordobatimes.com\/showup\/wp-json\/wp\/v2\/tags?post=47476"}],"curies":[{"name":"wp","href":"https:\/\/api.w.org\/{rel}","templated":true}]}}