{"id":47452,"date":"2016-10-21T23:36:43","date_gmt":"2016-10-22T02:36:43","guid":{"rendered":"http:\/\/cordobatimes.com\/showup\/?p=47452"},"modified":"2020-04-17T09:36:11","modified_gmt":"2020-04-17T12:36:11","slug":"pedro-alfonso-y-flor-vigna-la-rompieron-en-el-tango-al-ritmo-de-tinta-roja","status":"publish","type":"post","link":"https:\/\/www.cordobatimes.com\/showup\/showmatch\/2016\/10\/21\/pedro-alfonso-y-flor-vigna-la-rompieron-en-el-tango-al-ritmo-de-tinta-roja\/","title":{"rendered":"Pedro Alfonso y Flor Vigna la rompieron en el tango al ritmo de \u00abtinta roja\u00bb"},"content":{"rendered":"<h3><strong>El actor y productor sali\u00f3 a la pista reci\u00e9n recuperado de sus molestias en el ci\u00e1tico y se movi\u00f3 con Flor Vigna al ritmo de Tinta roja.<\/strong><\/h3>\n<p>\u00a1Qu\u00e9 recuperaci\u00f3n! Apenas recuperado de su lesi\u00f3n en el ci\u00e1tico, Pedro Alfonso sali\u00f3 a la pista para bailar \u201cTinta Roja\u201d, junto a Flor vigna \u00a0m\u00fasica de Sebasti\u00e1n Piana y letra de C\u00e1tulo Castillo.<\/p>\n<p><iframe loading=\"lazy\" src=\"https:\/\/www.youtube.com\/embed\/8nmwPnex_78\" width=\"560\" height=\"315\" frameborder=\"0\" allowfullscreen=\"allowfullscreen\"><\/iframe><\/p>\n<p><iframe loading=\"lazy\" src=\"https:\/\/www.youtube.com\/embed\/V5rHmkOVOYY\" width=\"560\" height=\"315\" frameborder=\"0\" allowfullscreen=\"allowfullscreen\"><\/iframe><\/p>\n","protected":false},"excerpt":{"rendered":"<p>El actor y productor sali\u00f3 a la pista reci\u00e9n recuperado de sus molestias en el ci\u00e1tico y se movi\u00f3 con Flor Vigna al ritmo de Tinta roja. \u00a1Qu\u00e9 recuperaci\u00f3n! Apenas recuperado de su lesi\u00f3n en el ci\u00e1tico, Pedro Alfonso sali\u00f3 a la pista para bailar \u201cTinta Roja\u201d, junto a Flor vigna \u00a0m\u00fasica de Sebasti\u00e1n Piana [&hellip;]<\/p>\n","protected":false},"author":1,"featured_media":47453,"comment_status":"closed","ping_status":"closed","sticky":false,"template":"","format":"standard","meta":{"_seopress_robots_primary_cat":"","_seopress_titles_title":"","_seopress_titles_desc":"","_seopress_robots_index":"","footnotes":""},"categories":[477],"tags":[16656,30885],"class_list":{"0":"post-47452","1":"post","2":"type-post","3":"status-publish","4":"format-standard","5":"has-post-thumbnail","7":"category-showmatch","8":"tag-pedro-alfonso-y-flor-vigna","9":"tag-pedro-alfonso-y-flor-vigna-tango"},"_links":{"self":[{"href":"https:\/\/www.cordobatimes.com\/showup\/wp-json\/wp\/v2\/posts\/47452","targetHints":{"allow":["GET"]}}],"collection":[{"href":"https:\/\/www.cordobatimes.com\/showup\/wp-json\/wp\/v2\/posts"}],"about":[{"href":"https:\/\/www.cordobatimes.com\/showup\/wp-json\/wp\/v2\/types\/post"}],"author":[{"embeddable":true,"href":"https:\/\/www.cordobatimes.com\/showup\/wp-json\/wp\/v2\/users\/1"}],"replies":[{"embeddable":true,"href":"https:\/\/www.cordobatimes.com\/showup\/wp-json\/wp\/v2\/comments?post=47452"}],"version-history":[{"count":0,"href":"https:\/\/www.cordobatimes.com\/showup\/wp-json\/wp\/v2\/posts\/47452\/revisions"}],"wp:featuredmedia":[{"embeddable":true,"href":"https:\/\/www.cordobatimes.com\/showup\/wp-json\/wp\/v2\/media\/47453"}],"wp:attachment":[{"href":"https:\/\/www.cordobatimes.com\/showup\/wp-json\/wp\/v2\/media?parent=47452"}],"wp:term":[{"taxonomy":"category","embeddable":true,"href":"https:\/\/www.cordobatimes.com\/showup\/wp-json\/wp\/v2\/categories?post=47452"},{"taxonomy":"post_tag","embeddable":true,"href":"https:\/\/www.cordobatimes.com\/showup\/wp-json\/wp\/v2\/tags?post=47452"}],"curies":[{"name":"wp","href":"https:\/\/api.w.org\/{rel}","templated":true}]}}