{"id":47364,"date":"2016-10-20T10:17:41","date_gmt":"2016-10-20T13:17:41","guid":{"rendered":"http:\/\/cordobatimes.com\/showup\/?p=47364"},"modified":"2024-03-17T12:42:28","modified_gmt":"2024-03-17T15:42:28","slug":"carmen-barbieri-y-una-fuerte-confesion-a-santiago-bal-le-afloje-dos-dientes-de-una-trompada","status":"publish","type":"post","link":"https:\/\/www.cordobatimes.com\/showup\/tv\/2016\/10\/20\/carmen-barbieri-y-una-fuerte-confesion-a-santiago-bal-le-afloje-dos-dientes-de-una-trompada\/","title":{"rendered":"Carmen Barbieri y una fuerte confesi\u00f3n:  \u00abA Santiago Bal le afloj\u00e9 dos dientes de una trompada\u00bb"},"content":{"rendered":"<h3><strong>En el d\u00eda de #NiUnaMenos, la capoc\u00f3mica pidi\u00f3 tambi\u00e9n hablar de \u00abNiUnoMenos\u00bb. Y citando como ejemplo a su hijo Federico, se refiri\u00f3 a los maltratos que padecen los varones.<\/strong><\/h3>\n<p>Carmen Barbieri sorprendi\u00f3 con pol\u00e9micas declaraciones en el d\u00eda en que Argentina se moviliz\u00f3 contra la violencia de g\u00e9nero bajo la consigna #NiUnaMenos. En una entrevista con Infama, la capoc\u00f3mica habl\u00f3 de los maltratos que tambi\u00e9n sufren los hombres y ejemplific\u00f3 esta cuesti\u00f3n con la situaci\u00f3n de su hijo, Federico Bal, quien fuera denunciado por su ex Barbie V\u00e9lez.<\/p>\n<p><iframe loading=\"lazy\" src=\"https:\/\/www.youtube.com\/embed\/6uMMAdVHTzg\" width=\"560\" height=\"315\" frameborder=\"0\" allowfullscreen=\"allowfullscreen\"><\/iframe><\/p>\n","protected":false},"excerpt":{"rendered":"<p>En el d\u00eda de #NiUnaMenos, la capoc\u00f3mica pidi\u00f3 tambi\u00e9n hablar de \u00abNiUnoMenos\u00bb. Y citando como ejemplo a su hijo Federico, se refiri\u00f3 a los maltratos que padecen los varones. Carmen Barbieri sorprendi\u00f3 con pol\u00e9micas declaraciones en el d\u00eda en que Argentina se moviliz\u00f3 contra la violencia de g\u00e9nero bajo la consigna #NiUnaMenos. En una entrevista [&hellip;]<\/p>\n","protected":false},"author":1,"featured_media":47365,"comment_status":"closed","ping_status":"closed","sticky":false,"template":"","format":"standard","meta":{"_seopress_robots_primary_cat":"","_seopress_titles_title":"","_seopress_titles_desc":"","_seopress_robots_index":"","footnotes":""},"categories":[2],"tags":[39003,27538],"class_list":{"0":"post-47364","1":"post","2":"type-post","3":"status-publish","4":"format-standard","5":"has-post-thumbnail","7":"category-tv","8":"tag-a-santiago-bal-le-afloje-dos-dientes-de-una-trompada","9":"tag-carmen-barbieri-y-santiago-bal"},"_links":{"self":[{"href":"https:\/\/www.cordobatimes.com\/showup\/wp-json\/wp\/v2\/posts\/47364","targetHints":{"allow":["GET"]}}],"collection":[{"href":"https:\/\/www.cordobatimes.com\/showup\/wp-json\/wp\/v2\/posts"}],"about":[{"href":"https:\/\/www.cordobatimes.com\/showup\/wp-json\/wp\/v2\/types\/post"}],"author":[{"embeddable":true,"href":"https:\/\/www.cordobatimes.com\/showup\/wp-json\/wp\/v2\/users\/1"}],"replies":[{"embeddable":true,"href":"https:\/\/www.cordobatimes.com\/showup\/wp-json\/wp\/v2\/comments?post=47364"}],"version-history":[{"count":0,"href":"https:\/\/www.cordobatimes.com\/showup\/wp-json\/wp\/v2\/posts\/47364\/revisions"}],"wp:featuredmedia":[{"embeddable":true,"href":"https:\/\/www.cordobatimes.com\/showup\/wp-json\/wp\/v2\/media\/47365"}],"wp:attachment":[{"href":"https:\/\/www.cordobatimes.com\/showup\/wp-json\/wp\/v2\/media?parent=47364"}],"wp:term":[{"taxonomy":"category","embeddable":true,"href":"https:\/\/www.cordobatimes.com\/showup\/wp-json\/wp\/v2\/categories?post=47364"},{"taxonomy":"post_tag","embeddable":true,"href":"https:\/\/www.cordobatimes.com\/showup\/wp-json\/wp\/v2\/tags?post=47364"}],"curies":[{"name":"wp","href":"https:\/\/api.w.org\/{rel}","templated":true}]}}