{"id":47038,"date":"2016-10-12T12:45:09","date_gmt":"2016-10-12T15:45:09","guid":{"rendered":"http:\/\/cordobatimes.com\/showup\/?p=47038"},"modified":"2020-04-19T09:32:24","modified_gmt":"2020-04-19T12:32:24","slug":"encanto-y-precision-pedro-alfonso-y-flor-vigna-no-pierden-el-ritmo","status":"publish","type":"post","link":"https:\/\/www.cordobatimes.com\/showup\/showmatch\/2016\/10\/12\/encanto-y-precision-pedro-alfonso-y-flor-vigna-no-pierden-el-ritmo\/","title":{"rendered":"\u00a1Encanto y precisi\u00f3n! Pedro Alfonso y Flor Vigna no pierden el ritmo"},"content":{"rendered":"<h3><strong>El actor y productor consigui\u00f3 33 puntos del jurado con la coreograf\u00eda de How Deep Is Your Love, de Calvin Harris.<\/strong><\/h3>\n<p>Pedro Alfonso levant\u00f3 el tel\u00f3n de la segunda gala de Danza de precisi\u00f3n, acompa\u00f1ado de Flor Vigna y dos bailarinas invitadas, al ritmo de \u201cHow deep ir your love\u201d, de Calvin Harris &amp; Disciples.<\/p>\n<p><iframe loading=\"lazy\" src=\"https:\/\/www.youtube.com\/embed\/VJlrH-gukDU\" width=\"560\" height=\"315\" frameborder=\"0\" allowfullscreen=\"allowfullscreen\"><\/iframe><\/p>\n<p><iframe loading=\"lazy\" src=\"https:\/\/www.youtube.com\/embed\/Oh2pMKiSY4s\" width=\"560\" height=\"315\" frameborder=\"0\" allowfullscreen=\"allowfullscreen\"><\/iframe><\/p>\n","protected":false},"excerpt":{"rendered":"<p>El actor y productor consigui\u00f3 33 puntos del jurado con la coreograf\u00eda de How Deep Is Your Love, de Calvin Harris. Pedro Alfonso levant\u00f3 el tel\u00f3n de la segunda gala de Danza de precisi\u00f3n, acompa\u00f1ado de Flor Vigna y dos bailarinas invitadas, al ritmo de \u201cHow deep ir your love\u201d, de Calvin Harris &amp; Disciples.<\/p>\n","protected":false},"author":1,"featured_media":47039,"comment_status":"closed","ping_status":"closed","sticky":false,"template":"","format":"standard","meta":{"_seopress_robots_primary_cat":"","_seopress_titles_title":"","_seopress_titles_desc":"","_seopress_robots_index":"","footnotes":""},"categories":[477],"tags":[16656,30932],"class_list":{"0":"post-47038","1":"post","2":"type-post","3":"status-publish","4":"format-standard","5":"has-post-thumbnail","7":"category-showmatch","8":"tag-pedro-alfonso-y-flor-vigna","9":"tag-pedro-alfonso-y-flor-vigna-coreografia-de-how-deep-is-your-love"},"_links":{"self":[{"href":"https:\/\/www.cordobatimes.com\/showup\/wp-json\/wp\/v2\/posts\/47038","targetHints":{"allow":["GET"]}}],"collection":[{"href":"https:\/\/www.cordobatimes.com\/showup\/wp-json\/wp\/v2\/posts"}],"about":[{"href":"https:\/\/www.cordobatimes.com\/showup\/wp-json\/wp\/v2\/types\/post"}],"author":[{"embeddable":true,"href":"https:\/\/www.cordobatimes.com\/showup\/wp-json\/wp\/v2\/users\/1"}],"replies":[{"embeddable":true,"href":"https:\/\/www.cordobatimes.com\/showup\/wp-json\/wp\/v2\/comments?post=47038"}],"version-history":[{"count":0,"href":"https:\/\/www.cordobatimes.com\/showup\/wp-json\/wp\/v2\/posts\/47038\/revisions"}],"wp:featuredmedia":[{"embeddable":true,"href":"https:\/\/www.cordobatimes.com\/showup\/wp-json\/wp\/v2\/media\/47039"}],"wp:attachment":[{"href":"https:\/\/www.cordobatimes.com\/showup\/wp-json\/wp\/v2\/media?parent=47038"}],"wp:term":[{"taxonomy":"category","embeddable":true,"href":"https:\/\/www.cordobatimes.com\/showup\/wp-json\/wp\/v2\/categories?post=47038"},{"taxonomy":"post_tag","embeddable":true,"href":"https:\/\/www.cordobatimes.com\/showup\/wp-json\/wp\/v2\/tags?post=47038"}],"curies":[{"name":"wp","href":"https:\/\/api.w.org\/{rel}","templated":true}]}}