{"id":46478,"date":"2016-09-28T12:31:08","date_gmt":"2016-09-28T15:31:08","guid":{"rendered":"http:\/\/cordobatimes.com\/showup\/?p=46478"},"modified":"2020-04-11T13:33:32","modified_gmt":"2020-04-11T16:33:32","slug":"china-suarez-respondio-sobre-su-imagen-con-los-hijos-de-pampita","status":"publish","type":"post","link":"https:\/\/www.cordobatimes.com\/showup\/famosos\/2016\/09\/28\/china-suarez-respondio-sobre-su-imagen-con-los-hijos-de-pampita\/","title":{"rendered":"China Su\u00e1rez, respondi\u00f3 sobre su imagen con los hijos de Pampita"},"content":{"rendered":"<h3><strong>La actriz hizo referencia a la imagen en donde se la ve jugando con uno de los hijos de la modelo.<\/strong><\/h3>\n<p>La China Su\u00e1rez habl\u00f3 de la imagen en donde se la ve jugando con uno de los hijos de Pampita y Benjam\u00edn Vicu\u00f1a.<\/p>\n<p><iframe loading=\"lazy\" src=\"https:\/\/www.youtube.com\/embed\/e1WFpFkNzbk\" width=\"560\" height=\"315\" frameborder=\"0\" allowfullscreen=\"allowfullscreen\"><\/iframe><\/p>\n","protected":false},"excerpt":{"rendered":"<p>La actriz hizo referencia a la imagen en donde se la ve jugando con uno de los hijos de la modelo. La China Su\u00e1rez habl\u00f3 de la imagen en donde se la ve jugando con uno de los hijos de Pampita y Benjam\u00edn Vicu\u00f1a.<\/p>\n","protected":false},"author":1,"featured_media":46479,"comment_status":"closed","ping_status":"closed","sticky":false,"template":"","format":"standard","meta":{"_seopress_robots_primary_cat":"","_seopress_titles_title":"","_seopress_titles_desc":"","_seopress_robots_index":"","footnotes":""},"categories":[4],"tags":[30757,27363],"class_list":{"0":"post-46478","1":"post","2":"type-post","3":"status-publish","4":"format-standard","5":"has-post-thumbnail","7":"category-famosos","8":"tag-china-suarez-hijos-de-pampita","9":"tag-hijos-de-pampita-y-benjamin-vicuna"},"_links":{"self":[{"href":"https:\/\/www.cordobatimes.com\/showup\/wp-json\/wp\/v2\/posts\/46478","targetHints":{"allow":["GET"]}}],"collection":[{"href":"https:\/\/www.cordobatimes.com\/showup\/wp-json\/wp\/v2\/posts"}],"about":[{"href":"https:\/\/www.cordobatimes.com\/showup\/wp-json\/wp\/v2\/types\/post"}],"author":[{"embeddable":true,"href":"https:\/\/www.cordobatimes.com\/showup\/wp-json\/wp\/v2\/users\/1"}],"replies":[{"embeddable":true,"href":"https:\/\/www.cordobatimes.com\/showup\/wp-json\/wp\/v2\/comments?post=46478"}],"version-history":[{"count":0,"href":"https:\/\/www.cordobatimes.com\/showup\/wp-json\/wp\/v2\/posts\/46478\/revisions"}],"wp:featuredmedia":[{"embeddable":true,"href":"https:\/\/www.cordobatimes.com\/showup\/wp-json\/wp\/v2\/media\/46479"}],"wp:attachment":[{"href":"https:\/\/www.cordobatimes.com\/showup\/wp-json\/wp\/v2\/media?parent=46478"}],"wp:term":[{"taxonomy":"category","embeddable":true,"href":"https:\/\/www.cordobatimes.com\/showup\/wp-json\/wp\/v2\/categories?post=46478"},{"taxonomy":"post_tag","embeddable":true,"href":"https:\/\/www.cordobatimes.com\/showup\/wp-json\/wp\/v2\/tags?post=46478"}],"curies":[{"name":"wp","href":"https:\/\/api.w.org\/{rel}","templated":true}]}}