{"id":46399,"date":"2016-09-26T18:05:12","date_gmt":"2016-09-26T21:05:12","guid":{"rendered":"http:\/\/cordobatimes.com\/showup\/?p=46399"},"modified":"2020-04-11T19:33:10","modified_gmt":"2020-04-11T22:33:10","slug":"abel-pintos-presento-su-nuevo-tema-pajaro-cantor","status":"publish","type":"post","link":"https:\/\/www.cordobatimes.com\/showup\/musica\/2016\/09\/26\/abel-pintos-presento-su-nuevo-tema-pajaro-cantor\/","title":{"rendered":"Abel Pintos presento su nuevo tema \u201cP\u00e1jaro cantor\u201d"},"content":{"rendered":"<h3><strong>A d\u00edas de lanzar su nuevo disco, el artista argentino present\u00f3 el segundo sencillo.<\/strong><\/h3>\n<p>El artista argentino acaba de lanzar su nuevo sencillo. El tema es el segundo corte de difusi\u00f3n de su nuevo disco que saldr\u00e1 pronto a la luz.<\/p>\n<p>\u201cP\u00e1jaro cantor\u201d fue escrita por Abel Pintos y\u00a0\u00a0producida por el reconocido productor Martin Terefe, que trabaj\u00f3 con artistas como Jason Mraz, Jesse &amp; Joy, James Blunt y Zaz. Adem\u00e1s, fue co-producido por Abel y Ariel Pintos\u00a0y\u00a0grabado entre Madrid y Londres.<\/p>\n<p><iframe loading=\"lazy\" src=\"https:\/\/www.youtube.com\/embed\/FX_-nEuWmvw\" width=\"560\" height=\"315\" frameborder=\"0\" allowfullscreen=\"allowfullscreen\"><\/iframe><\/p>\n<p>Este tema es el segundo sencillo su nuevo trabajo discogr\u00e1fico. El primero fue \u201cComo te extra\u00f1o\u201d, que estuvo durante semanas primero en plataformas digitales y alcanz\u00f3 millones de views en Youtube.<\/p>\n<p>Su nuevo disco saldr\u00e1 a la venta el pr\u00f3ximo 7 de octubre. Luego, el 11 de octubre lo presentar\u00e1 en vivo en el Estadio Luna Park, con localidades ya agotadas. Luego viajar\u00e1 a M\u00e9xico donde se editar\u00e1 por primera vez este nuevo \u00e1lbum.<\/p>\n<p>Como si fuera poco, en noviembre realizar\u00e1 11 Teatro \u00d3pera, con entradas agotadas a los pocos d\u00edas de salir a la venta, y el 10 de diciembre realizar\u00e1 una funci\u00f3n solidaria extraordinaria a total beneficio de Fundaci\u00f3n Garrahan.<\/p>\n<p>Abel es, sin dudas, uno de los artistas m\u00e1s importantes de la escena musical argentina en la actualidad. Cumpli\u00f3 20 a\u00f1os de carrera, en la cual edit\u00f3 m\u00e1s de 10 \u00e1lbumes y no para de ser un \u00e9xito en cada provincia en la que se presenta.<\/p>\n","protected":false},"excerpt":{"rendered":"<p>A d\u00edas de lanzar su nuevo disco, el artista argentino present\u00f3 el segundo sencillo. El artista argentino acaba de lanzar su nuevo sencillo. El tema es el segundo corte de difusi\u00f3n de su nuevo disco que saldr\u00e1 pronto a la luz. \u201cP\u00e1jaro cantor\u201d fue escrita por Abel Pintos y\u00a0\u00a0producida por el reconocido productor Martin Terefe, [&hellip;]<\/p>\n","protected":false},"author":1,"featured_media":46400,"comment_status":"closed","ping_status":"closed","sticky":false,"template":"","format":"standard","meta":{"_seopress_robots_primary_cat":"","_seopress_titles_title":"","_seopress_titles_desc":"","_seopress_robots_index":"","footnotes":""},"categories":[5],"tags":[30767],"class_list":{"0":"post-46399","1":"post","2":"type-post","3":"status-publish","4":"format-standard","5":"has-post-thumbnail","7":"category-musica","8":"tag-abel-pintos-pajaro-cantor"},"_links":{"self":[{"href":"https:\/\/www.cordobatimes.com\/showup\/wp-json\/wp\/v2\/posts\/46399","targetHints":{"allow":["GET"]}}],"collection":[{"href":"https:\/\/www.cordobatimes.com\/showup\/wp-json\/wp\/v2\/posts"}],"about":[{"href":"https:\/\/www.cordobatimes.com\/showup\/wp-json\/wp\/v2\/types\/post"}],"author":[{"embeddable":true,"href":"https:\/\/www.cordobatimes.com\/showup\/wp-json\/wp\/v2\/users\/1"}],"replies":[{"embeddable":true,"href":"https:\/\/www.cordobatimes.com\/showup\/wp-json\/wp\/v2\/comments?post=46399"}],"version-history":[{"count":0,"href":"https:\/\/www.cordobatimes.com\/showup\/wp-json\/wp\/v2\/posts\/46399\/revisions"}],"wp:featuredmedia":[{"embeddable":true,"href":"https:\/\/www.cordobatimes.com\/showup\/wp-json\/wp\/v2\/media\/46400"}],"wp:attachment":[{"href":"https:\/\/www.cordobatimes.com\/showup\/wp-json\/wp\/v2\/media?parent=46399"}],"wp:term":[{"taxonomy":"category","embeddable":true,"href":"https:\/\/www.cordobatimes.com\/showup\/wp-json\/wp\/v2\/categories?post=46399"},{"taxonomy":"post_tag","embeddable":true,"href":"https:\/\/www.cordobatimes.com\/showup\/wp-json\/wp\/v2\/tags?post=46399"}],"curies":[{"name":"wp","href":"https:\/\/api.w.org\/{rel}","templated":true}]}}