{"id":46258,"date":"2016-09-22T19:00:38","date_gmt":"2016-09-22T22:00:38","guid":{"rendered":"http:\/\/cordobatimes.com\/showup\/?p=46258"},"modified":"2020-04-12T11:21:58","modified_gmt":"2020-04-12T14:21:58","slug":"lali-y-abraham-mateo-estrenaron-el-video-clip-mueve","status":"publish","type":"post","link":"https:\/\/www.cordobatimes.com\/showup\/musica\/2016\/09\/22\/lali-y-abraham-mateo-estrenaron-el-video-clip-mueve\/","title":{"rendered":"Lali y Abraham Mateo estrenaron el v\u00eddeoclip  \u00abMueve\u00bb"},"content":{"rendered":"<h3><strong>Argentina y Espa\u00f1a nos dieron probablemente uno de los videos m\u00e1s hot del a\u00f1o.<\/strong><\/h3>\n<p>En los \u00faltimos d\u00edas, Abraham Mateo y Lali Esp\u00f3sito, dos de los adolescentes m\u00e1s influyentes del mundo, se hab\u00edan estado mandando tuits anunciando su pr\u00f3ximo video, &#8216;Mueve&#8217; y posteando im\u00e1genes sexies de ellos juntos.<\/p>\n<p>&nbsp;<\/p>\n<p>&nbsp;<\/p>\n<p><img loading=\"lazy\" decoding=\"async\" class=\"alignnone size-full wp-image-46260\" src=\"http:\/\/cordobatimes.com\/showup\/wp-content\/uploads\/2016\/09\/descarga.png\" alt=\"descarga\" width=\"1240\" height=\"698\" srcset=\"https:\/\/www.cordobatimes.com\/showup\/wp-content\/uploads\/2016\/09\/descarga.png 1240w, https:\/\/www.cordobatimes.com\/showup\/wp-content\/uploads\/2016\/09\/descarga-300x169.png 300w, https:\/\/www.cordobatimes.com\/showup\/wp-content\/uploads\/2016\/09\/descarga-1024x576.png 1024w, https:\/\/www.cordobatimes.com\/showup\/wp-content\/uploads\/2016\/09\/descarga-650x366.png 650w\" sizes=\"auto, (max-width: 1240px) 100vw, 1240px\" \/><\/p>\n<p>El jueves, el cantante espa\u00f1ol por fin anunci\u00f3 el estreno de su video con un p\u00f3ster de \u00abpel\u00edcula\u00bb.<\/p>\n<p>&nbsp;<\/p>\n<p><a href=\"http:\/\/cordobatimes.com\/showup\/wp-content\/uploads\/2016\/09\/Cs9WasHWAAAKcSg.jpg\"><img loading=\"lazy\" decoding=\"async\" class=\"alignnone size-full wp-image-46261\" src=\"http:\/\/cordobatimes.com\/showup\/wp-content\/uploads\/2016\/09\/Cs9WasHWAAAKcSg.jpg\" alt=\"cs9washwaaakcsg\" width=\"1200\" height=\"1200\" srcset=\"https:\/\/www.cordobatimes.com\/showup\/wp-content\/uploads\/2016\/09\/Cs9WasHWAAAKcSg.jpg 1200w, https:\/\/www.cordobatimes.com\/showup\/wp-content\/uploads\/2016\/09\/Cs9WasHWAAAKcSg-150x150.jpg 150w, https:\/\/www.cordobatimes.com\/showup\/wp-content\/uploads\/2016\/09\/Cs9WasHWAAAKcSg-300x300.jpg 300w, https:\/\/www.cordobatimes.com\/showup\/wp-content\/uploads\/2016\/09\/Cs9WasHWAAAKcSg-1024x1024.jpg 1024w, https:\/\/www.cordobatimes.com\/showup\/wp-content\/uploads\/2016\/09\/Cs9WasHWAAAKcSg-650x650.jpg 650w, https:\/\/www.cordobatimes.com\/showup\/wp-content\/uploads\/2016\/09\/Cs9WasHWAAAKcSg-180x180.jpg 180w\" sizes=\"auto, (max-width: 1200px) 100vw, 1200px\" \/><\/a><\/p>\n<p><iframe loading=\"lazy\" src=\"https:\/\/www.youtube.com\/embed\/CI2wfoIKrlM\" width=\"560\" height=\"315\" frameborder=\"0\" allowfullscreen=\"allowfullscreen\"><\/iframe><\/p>\n","protected":false},"excerpt":{"rendered":"<p>Argentina y Espa\u00f1a nos dieron probablemente uno de los videos m\u00e1s hot del a\u00f1o. En los \u00faltimos d\u00edas, Abraham Mateo y Lali Esp\u00f3sito, dos de los adolescentes m\u00e1s influyentes del mundo, se hab\u00edan estado mandando tuits anunciando su pr\u00f3ximo video, &#8216;Mueve&#8217; y posteando im\u00e1genes sexies de ellos juntos. &nbsp; &nbsp; El jueves, el cantante espa\u00f1ol [&hellip;]<\/p>\n","protected":false},"author":1,"featured_media":46259,"comment_status":"closed","ping_status":"closed","sticky":false,"template":"","format":"standard","meta":{"_seopress_robots_primary_cat":"","_seopress_titles_title":"","_seopress_titles_desc":"","_seopress_robots_index":"","footnotes":""},"categories":[5],"tags":[30787,30788,30789],"class_list":{"0":"post-46258","1":"post","2":"type-post","3":"status-publish","4":"format-standard","5":"has-post-thumbnail","7":"category-musica","8":"tag-abraham-mateo-y-lali-esposito","9":"tag-abraham-mateo-y-lali-esposito-mueve","10":"tag-videoclip-mueve"},"_links":{"self":[{"href":"https:\/\/www.cordobatimes.com\/showup\/wp-json\/wp\/v2\/posts\/46258","targetHints":{"allow":["GET"]}}],"collection":[{"href":"https:\/\/www.cordobatimes.com\/showup\/wp-json\/wp\/v2\/posts"}],"about":[{"href":"https:\/\/www.cordobatimes.com\/showup\/wp-json\/wp\/v2\/types\/post"}],"author":[{"embeddable":true,"href":"https:\/\/www.cordobatimes.com\/showup\/wp-json\/wp\/v2\/users\/1"}],"replies":[{"embeddable":true,"href":"https:\/\/www.cordobatimes.com\/showup\/wp-json\/wp\/v2\/comments?post=46258"}],"version-history":[{"count":0,"href":"https:\/\/www.cordobatimes.com\/showup\/wp-json\/wp\/v2\/posts\/46258\/revisions"}],"wp:featuredmedia":[{"embeddable":true,"href":"https:\/\/www.cordobatimes.com\/showup\/wp-json\/wp\/v2\/media\/46259"}],"wp:attachment":[{"href":"https:\/\/www.cordobatimes.com\/showup\/wp-json\/wp\/v2\/media?parent=46258"}],"wp:term":[{"taxonomy":"category","embeddable":true,"href":"https:\/\/www.cordobatimes.com\/showup\/wp-json\/wp\/v2\/categories?post=46258"},{"taxonomy":"post_tag","embeddable":true,"href":"https:\/\/www.cordobatimes.com\/showup\/wp-json\/wp\/v2\/tags?post=46258"}],"curies":[{"name":"wp","href":"https:\/\/api.w.org\/{rel}","templated":true}]}}