{"id":45943,"date":"2016-09-14T19:05:26","date_gmt":"2016-09-14T22:05:26","guid":{"rendered":"http:\/\/cordobatimes.com\/showup\/?p=45943"},"modified":"2020-04-14T21:59:50","modified_gmt":"2020-04-15T00:59:50","slug":"el-debut-de-flor-vigna-como-cantante","status":"publish","type":"post","link":"https:\/\/www.cordobatimes.com\/showup\/musica\/2016\/09\/14\/el-debut-de-flor-vigna-como-cantante\/","title":{"rendered":"El debut de Flor Vigna como cantante"},"content":{"rendered":"<h3><strong>La figura de \u201cCombate\u201d demuestra una nueva faceta art\u00edstica de la mano de la banda Maluco Cumbia, donde alguna vez supo desempe\u00f1arse Luli Salazar<\/strong><\/h3>\n<p>Flor Vigna \u00a0a fuerza de sus cualidades, simpat\u00eda y su gran cantidad de seguidores, lleg\u00f3 hasta la pista del <em>Bailando<\/em>. Ahora, demuestra una nueva faceta art\u00edstica como cantante con la banda Maluco Cumbia.<\/p>\n<p>A trav\u00e9s de su canal oficial de Youtube, la banda public\u00f3 el videoclip\u00a0<em>Enamor\u00e1ndome de ti<\/em>, con la participaci\u00f3n de la bella rubia, quien despliega todo su encanto y sorprende con su voz.<\/p>\n<p><iframe loading=\"lazy\" src=\"https:\/\/www.youtube.com\/embed\/B7VgiTWB4D4\" width=\"560\" height=\"315\" frameborder=\"0\" allowfullscreen=\"allowfullscreen\"><\/iframe><\/p>\n","protected":false},"excerpt":{"rendered":"<p>La figura de \u201cCombate\u201d demuestra una nueva faceta art\u00edstica de la mano de la banda Maluco Cumbia, donde alguna vez supo desempe\u00f1arse Luli Salazar Flor Vigna \u00a0a fuerza de sus cualidades, simpat\u00eda y su gran cantidad de seguidores, lleg\u00f3 hasta la pista del Bailando. Ahora, demuestra una nueva faceta art\u00edstica como cantante con la banda [&hellip;]<\/p>\n","protected":false},"author":1,"featured_media":45944,"comment_status":"closed","ping_status":"closed","sticky":false,"template":"","format":"standard","meta":{"_seopress_robots_primary_cat":"","_seopress_titles_title":"","_seopress_titles_desc":"","_seopress_robots_index":"","footnotes":""},"categories":[5],"tags":[30817,30816,30815],"class_list":{"0":"post-45943","1":"post","2":"type-post","3":"status-publish","4":"format-standard","5":"has-post-thumbnail","7":"category-musica","8":"tag-flor-vigna-cantando","9":"tag-flor-vigna-enamorandome-de-ti","10":"tag-flor-vigna-maluco-cumbia"},"_links":{"self":[{"href":"https:\/\/www.cordobatimes.com\/showup\/wp-json\/wp\/v2\/posts\/45943","targetHints":{"allow":["GET"]}}],"collection":[{"href":"https:\/\/www.cordobatimes.com\/showup\/wp-json\/wp\/v2\/posts"}],"about":[{"href":"https:\/\/www.cordobatimes.com\/showup\/wp-json\/wp\/v2\/types\/post"}],"author":[{"embeddable":true,"href":"https:\/\/www.cordobatimes.com\/showup\/wp-json\/wp\/v2\/users\/1"}],"replies":[{"embeddable":true,"href":"https:\/\/www.cordobatimes.com\/showup\/wp-json\/wp\/v2\/comments?post=45943"}],"version-history":[{"count":0,"href":"https:\/\/www.cordobatimes.com\/showup\/wp-json\/wp\/v2\/posts\/45943\/revisions"}],"wp:featuredmedia":[{"embeddable":true,"href":"https:\/\/www.cordobatimes.com\/showup\/wp-json\/wp\/v2\/media\/45944"}],"wp:attachment":[{"href":"https:\/\/www.cordobatimes.com\/showup\/wp-json\/wp\/v2\/media?parent=45943"}],"wp:term":[{"taxonomy":"category","embeddable":true,"href":"https:\/\/www.cordobatimes.com\/showup\/wp-json\/wp\/v2\/categories?post=45943"},{"taxonomy":"post_tag","embeddable":true,"href":"https:\/\/www.cordobatimes.com\/showup\/wp-json\/wp\/v2\/tags?post=45943"}],"curies":[{"name":"wp","href":"https:\/\/api.w.org\/{rel}","templated":true}]}}