{"id":45855,"date":"2016-09-12T11:40:13","date_gmt":"2016-09-12T14:40:13","guid":{"rendered":"http:\/\/cordobatimes.com\/showup\/?p=45855"},"modified":"2020-04-15T10:19:44","modified_gmt":"2020-04-15T13:19:44","slug":"la-historia-de-la-fan-de-lali-esposito-que-la-hizo-llorar-a-la-cantante-en-pleno-show","status":"publish","type":"post","link":"https:\/\/www.cordobatimes.com\/showup\/musica\/2016\/09\/12\/la-historia-de-la-fan-de-lali-esposito-que-la-hizo-llorar-a-la-cantante-en-pleno-show\/","title":{"rendered":"La historia de la fan de Lali Esp\u00f3sito que  la hizo llorar a la cantante  en pleno show"},"content":{"rendered":"<h3><strong>En su \u00faltima presentaci\u00f3n en el teatro \u00d3pera, la artista se tom\u00f3 unos minutos para relatar un emocionante momento.<\/strong><\/h3>\n<p>Lali Esp\u00f3sito est\u00e1 en pleno Soy Tour y se present\u00f3 desde 8 al 11 de septiembre en el teatro \u00d3pera de Buenos Aires.<\/p>\n<p>Como en cada oportunidad que la cantante y actriz se sube al escenario, las historias de sus fans se multiplican y, en este caso, fue la propia Lali la que narr\u00f3 una de ellas.<\/p>\n<p>En medio del show del domingo (el \u00faltimo en el teatro porte\u00f1o), cont\u00f3 entre l\u00e1grimas la historia de una fan\u00e1tica quer cumpli\u00f3 su sue\u00f1o de ir su show con much\u00edsimo esfuerzo.<\/p>\n<blockquote class=\"twitter-video\" data-lang=\"es\">\n<p dir=\"ltr\" lang=\"es\">Una nena junto cartones para comprarse la entrada \u2764\ufe0f como llora lall <a href=\"https:\/\/t.co\/mflhuxmD62\">pic.twitter.com\/mflhuxmD62<\/a><\/p>\n<p>\u2014 Delfi (@delfiorlansky) <a href=\"https:\/\/twitter.com\/delfiorlansky\/status\/774793807435005952\">11 de septiembre de 2016<\/a><\/p><\/blockquote>\n<p><script async src=\"\/\/platform.twitter.com\/widgets.js\" charset=\"utf-8\"><\/script><\/p>\n","protected":false},"excerpt":{"rendered":"<p>En su \u00faltima presentaci\u00f3n en el teatro \u00d3pera, la artista se tom\u00f3 unos minutos para relatar un emocionante momento. Lali Esp\u00f3sito est\u00e1 en pleno Soy Tour y se present\u00f3 desde 8 al 11 de septiembre en el teatro \u00d3pera de Buenos Aires. Como en cada oportunidad que la cantante y actriz se sube al escenario, [&hellip;]<\/p>\n","protected":false},"author":1,"featured_media":45856,"comment_status":"closed","ping_status":"closed","sticky":false,"template":"","format":"standard","meta":{"_seopress_robots_primary_cat":"","_seopress_titles_title":"","_seopress_titles_desc":"","_seopress_robots_index":"","footnotes":""},"categories":[5],"tags":[30823,30824],"class_list":{"0":"post-45855","1":"post","2":"type-post","3":"status-publish","4":"format-standard","5":"has-post-thumbnail","7":"category-musica","8":"tag-historia-de-la-fan-de-lali-esposito","9":"tag-lali-esposito-presentacion-en-el-teatro-opera"},"_links":{"self":[{"href":"https:\/\/www.cordobatimes.com\/showup\/wp-json\/wp\/v2\/posts\/45855","targetHints":{"allow":["GET"]}}],"collection":[{"href":"https:\/\/www.cordobatimes.com\/showup\/wp-json\/wp\/v2\/posts"}],"about":[{"href":"https:\/\/www.cordobatimes.com\/showup\/wp-json\/wp\/v2\/types\/post"}],"author":[{"embeddable":true,"href":"https:\/\/www.cordobatimes.com\/showup\/wp-json\/wp\/v2\/users\/1"}],"replies":[{"embeddable":true,"href":"https:\/\/www.cordobatimes.com\/showup\/wp-json\/wp\/v2\/comments?post=45855"}],"version-history":[{"count":0,"href":"https:\/\/www.cordobatimes.com\/showup\/wp-json\/wp\/v2\/posts\/45855\/revisions"}],"wp:featuredmedia":[{"embeddable":true,"href":"https:\/\/www.cordobatimes.com\/showup\/wp-json\/wp\/v2\/media\/45856"}],"wp:attachment":[{"href":"https:\/\/www.cordobatimes.com\/showup\/wp-json\/wp\/v2\/media?parent=45855"}],"wp:term":[{"taxonomy":"category","embeddable":true,"href":"https:\/\/www.cordobatimes.com\/showup\/wp-json\/wp\/v2\/categories?post=45855"},{"taxonomy":"post_tag","embeddable":true,"href":"https:\/\/www.cordobatimes.com\/showup\/wp-json\/wp\/v2\/tags?post=45855"}],"curies":[{"name":"wp","href":"https:\/\/api.w.org\/{rel}","templated":true}]}}