{"id":45762,"date":"2016-09-08T19:20:34","date_gmt":"2016-09-08T22:20:34","guid":{"rendered":"http:\/\/cordobatimes.com\/showup\/?p=45762"},"modified":"2020-04-16T08:59:57","modified_gmt":"2020-04-16T11:59:57","slug":"pampita-y-benjamin-vicuna-a-4-anos-de-la-muerte-de-su-hija-blanca","status":"publish","type":"post","link":"https:\/\/www.cordobatimes.com\/showup\/famosos\/2016\/09\/08\/pampita-y-benjamin-vicuna-a-4-anos-de-la-muerte-de-su-hija-blanca\/","title":{"rendered":"Pampita y Benjam\u00edn Vicu\u00f1a, a 4 a\u00f1os de la muerte de su hija Blanca"},"content":{"rendered":"<h3><strong>La modelo y el artista chileno realizaron una ceremonia para recordar a la ni\u00f1a, en un nuevo aniversario de su fallecimiento.<\/strong><\/h3>\n<p>El 8 de septiembre de 2012 qued\u00f3 marcado en el coraz\u00f3n de Carolina \u201cPampita\u201d Ardohain y Benjam\u00edn Vicu\u00f1a como el d\u00eda m\u00e1s triste de sus vidas, el de la partida de su hija Blanca. La ni\u00f1a, que ten\u00eda 6 a\u00f1os, falleci\u00f3 a ra\u00edz de una neumon\u00eda hemorr\u00e1gica en la cl\u00ednica Las Condes de Santiago de Chile.<\/p>\n<p>Como ocurre en cada aniversario de su partida, la modelo y el actor chileno (tambi\u00e9n padres de Bautista, Beltr\u00e1n y Benicio) recordaron a su hija con amor. Seg\u00fan informaron en Los \u00c1ngeles de la Ma\u00f1ana, la expareja realiz\u00f3 el mi\u00e9rcoles por la noche una misa en su honor que tuvo lugar en la iglesia Nuestra Se\u00f1ora de la Merced de San Isidro.<\/p>\n<p>Pampita se dirigi\u00f3 hacia el lugar junto a una amiga, al terminar de grabarShowMatch\u00a0(que finaliz\u00f3 a las 21.15 por especial pedido de la jurado, para llegar a las 22 a la ceremonia), mientras que Benjam\u00edn lleg\u00f3 solo. Al finalizar, Pampita y Benjam\u00edn se retiraron por separado; y se pudo saber que ella se molest\u00f3 con la prensa presente en la puerta de la Iglesia y se retir\u00f3 llorando.<\/p>\n<p>&nbsp;<\/p>\n<p>&nbsp;<\/p>\n","protected":false},"excerpt":{"rendered":"<p>La modelo y el artista chileno realizaron una ceremonia para recordar a la ni\u00f1a, en un nuevo aniversario de su fallecimiento. El 8 de septiembre de 2012 qued\u00f3 marcado en el coraz\u00f3n de Carolina \u201cPampita\u201d Ardohain y Benjam\u00edn Vicu\u00f1a como el d\u00eda m\u00e1s triste de sus vidas, el de la partida de su hija Blanca. [&hellip;]<\/p>\n","protected":false},"author":1,"featured_media":45763,"comment_status":"closed","ping_status":"closed","sticky":false,"template":"","format":"standard","meta":{"_seopress_robots_primary_cat":"","_seopress_titles_title":"","_seopress_titles_desc":"","_seopress_robots_index":"","footnotes":""},"categories":[4],"tags":[28011,30834],"class_list":{"0":"post-45762","1":"post","2":"type-post","3":"status-publish","4":"format-standard","5":"has-post-thumbnail","7":"category-famosos","8":"tag-blanca-vicuna-hija-de-pampita-y-benjamin-vicuna","9":"tag-muerte-de-blanca-vicuna"},"_links":{"self":[{"href":"https:\/\/www.cordobatimes.com\/showup\/wp-json\/wp\/v2\/posts\/45762","targetHints":{"allow":["GET"]}}],"collection":[{"href":"https:\/\/www.cordobatimes.com\/showup\/wp-json\/wp\/v2\/posts"}],"about":[{"href":"https:\/\/www.cordobatimes.com\/showup\/wp-json\/wp\/v2\/types\/post"}],"author":[{"embeddable":true,"href":"https:\/\/www.cordobatimes.com\/showup\/wp-json\/wp\/v2\/users\/1"}],"replies":[{"embeddable":true,"href":"https:\/\/www.cordobatimes.com\/showup\/wp-json\/wp\/v2\/comments?post=45762"}],"version-history":[{"count":0,"href":"https:\/\/www.cordobatimes.com\/showup\/wp-json\/wp\/v2\/posts\/45762\/revisions"}],"wp:featuredmedia":[{"embeddable":true,"href":"https:\/\/www.cordobatimes.com\/showup\/wp-json\/wp\/v2\/media\/45763"}],"wp:attachment":[{"href":"https:\/\/www.cordobatimes.com\/showup\/wp-json\/wp\/v2\/media?parent=45762"}],"wp:term":[{"taxonomy":"category","embeddable":true,"href":"https:\/\/www.cordobatimes.com\/showup\/wp-json\/wp\/v2\/categories?post=45762"},{"taxonomy":"post_tag","embeddable":true,"href":"https:\/\/www.cordobatimes.com\/showup\/wp-json\/wp\/v2\/tags?post=45762"}],"curies":[{"name":"wp","href":"https:\/\/api.w.org\/{rel}","templated":true}]}}