{"id":4549,"date":"2013-12-05T20:31:52","date_gmt":"2013-12-05T23:31:52","guid":{"rendered":"http:\/\/cordobatimes.com\/showup\/?p=4549"},"modified":"2019-12-03T20:35:53","modified_gmt":"2019-12-03T23:35:53","slug":"brasil-2014-tan-bionica-estrena-cancion-video","status":"publish","type":"post","link":"https:\/\/www.cordobatimes.com\/showup\/musica\/2013\/12\/05\/brasil-2014-tan-bionica-estrena-cancion-video\/","title":{"rendered":"Brasil 2014: Tan Bi\u00f3nica estrena canci\u00f3n (Video)"},"content":{"rendered":"<h3><span style=\"text-align: justify;\"><strong>La euforia por el nuevo Mundial de f\u00fatbol de 2014 en Brasil,ya comenz\u00f3.Y entre todo el despliegue, la m\u00fasica es fundamental para elegir la canci\u00f3n oficial.Tan Bi\u00f3nica estrena \u00abEl Mundo Es Nuestro\u00bb<\/strong>.<\/span><\/h3>\n<p style=\"text-align: justify;\">Nada distinto a los que nos tiene acostumbrados,la banda liderada por Channo Moreno Charpentier.<em>El Mundo es Nuestro<\/em>,es el nuevo trabajo que ofrece a su p\u00fablico, y que espera ser uno de los favoritos para la elecci\u00f3n de la canci\u00f3n oficial del Mundial 2014.<\/p>\n<p style=\"text-align: justify;\">Con un sonido t\u00edpico de la marca l\u00edder de gaseosas, y una letra b\u00e1sica donde se basa la \u00abb\u00fasqueda de la felicidad\u00bb, el single es bastante festivo y bastante similar a trabajos anteriores del grupo musical.<em>El Mundo Es Nuestro<\/em><em>,<\/em>cuenta con la colaboraci\u00f3n de la cantante \u00a0brasile\u00f1a Gaby Amarantos, y el estribillo incluye partes interpretadas en portugu\u00e9s.<\/p>\n<p style=\"text-align: justify;\">Impulsados por uno de los\u00a0<em>sponsors<\/em> de la selecci\u00f3n argentina,el tema ser\u00e1 presentado oficialmente el pr\u00f3ximo 7 de diciembre,en el show gratuito que dar\u00e1n en el Monumento a la Bandera, Rosario.<\/p>\n<p>Aqu\u00ed te dejamos el v\u00eddeo oficial, saquen sus conclusiones.<\/p>\n<p><iframe loading=\"lazy\" src=\"\/\/www.youtube.com\/embed\/3cIPyovOhdE\" width=\"420\" height=\"315\" frameborder=\"0\" allowfullscreen=\"allowfullscreen\"><\/iframe><\/p>\n","protected":false},"excerpt":{"rendered":"<p>La euforia por el nuevo Mundial de f\u00fatbol de 2014 en Brasil,ya comenz\u00f3.Y entre todo el despliegue, la m\u00fasica es fundamental para elegir la canci\u00f3n oficial.Tan Bi\u00f3nica estrena \u00abEl Mundo Es Nuestro\u00bb. Nada distinto a los que nos tiene acostumbrados,la banda liderada por Channo Moreno Charpentier.El Mundo es Nuestro,es el nuevo trabajo que ofrece a [&hellip;]<\/p>\n","protected":false},"author":1,"featured_media":4552,"comment_status":"closed","ping_status":"closed","sticky":false,"template":"","format":"standard","meta":{"_seopress_robots_primary_cat":"","_seopress_titles_title":"","_seopress_titles_desc":"","_seopress_robots_index":"","footnotes":""},"categories":[5],"tags":[25145,26586],"class_list":{"0":"post-4549","1":"post","2":"type-post","3":"status-publish","4":"format-standard","5":"has-post-thumbnail","7":"category-musica","8":"tag-tan-bionica-estrena-el-mundo-es-nuestro","9":"tag-tema-oficial-del-mundial-2014"},"_links":{"self":[{"href":"https:\/\/www.cordobatimes.com\/showup\/wp-json\/wp\/v2\/posts\/4549","targetHints":{"allow":["GET"]}}],"collection":[{"href":"https:\/\/www.cordobatimes.com\/showup\/wp-json\/wp\/v2\/posts"}],"about":[{"href":"https:\/\/www.cordobatimes.com\/showup\/wp-json\/wp\/v2\/types\/post"}],"author":[{"embeddable":true,"href":"https:\/\/www.cordobatimes.com\/showup\/wp-json\/wp\/v2\/users\/1"}],"replies":[{"embeddable":true,"href":"https:\/\/www.cordobatimes.com\/showup\/wp-json\/wp\/v2\/comments?post=4549"}],"version-history":[{"count":0,"href":"https:\/\/www.cordobatimes.com\/showup\/wp-json\/wp\/v2\/posts\/4549\/revisions"}],"wp:featuredmedia":[{"embeddable":true,"href":"https:\/\/www.cordobatimes.com\/showup\/wp-json\/wp\/v2\/media\/4552"}],"wp:attachment":[{"href":"https:\/\/www.cordobatimes.com\/showup\/wp-json\/wp\/v2\/media?parent=4549"}],"wp:term":[{"taxonomy":"category","embeddable":true,"href":"https:\/\/www.cordobatimes.com\/showup\/wp-json\/wp\/v2\/categories?post=4549"},{"taxonomy":"post_tag","embeddable":true,"href":"https:\/\/www.cordobatimes.com\/showup\/wp-json\/wp\/v2\/tags?post=4549"}],"curies":[{"name":"wp","href":"https:\/\/api.w.org\/{rel}","templated":true}]}}