{"id":45328,"date":"2016-08-16T21:24:18","date_gmt":"2016-08-17T00:24:18","guid":{"rendered":"http:\/\/cordobatimes.com\/showup\/?p=45328"},"modified":"2024-03-16T17:42:24","modified_gmt":"2024-03-16T20:42:24","slug":"rial-revelo-la-fuente-de-los-tremendos-audios-de-la-pelea-de-pampita-y-vicuna","status":"publish","type":"post","link":"https:\/\/www.cordobatimes.com\/showup\/tv\/2016\/08\/16\/rial-revelo-la-fuente-de-los-tremendos-audios-de-la-pelea-de-pampita-y-vicuna\/","title":{"rendered":"Rial revel\u00f3 la fuente de los tremendos audios de la pelea de Pampita y Vicu\u00f1a"},"content":{"rendered":"<h3><strong>El conductor de Intrusos cont\u00f3 que las grabaciones le hab\u00edan llegado a su hija a trav\u00e9s de Facebook<\/strong>.<\/h3>\n<p>Los escandalosos audios de la pelea de Pampita y Benjam\u00edn Vicu\u00f1a en la intimidad de su casa fueron tema nacional. Diez meses atr\u00e1s, Jorge Rial hizo p\u00fablica las grabaciones en las que la modelo acusaba a su hoy expareja de infiel. \u201c<strong>\u00a1<\/strong>Te cog\u2026 a la mina en el auto<strong>!<\/strong>\u201d y \u201cNo s\u00e9 qui\u00e9n es, ya ten\u00e9s tantas amantes que ya me perd\u00ed\u201d, eran algunas de las fuertes frases.<\/p>\n<p>El esc\u00e1ndalo termin\u00f3 con el despido de las cinco personas empleadas en la casa, quienes hab\u00edan grabado la pelea. Pero el halo de sospecha sobre c\u00f3mo hab\u00edan llegado a manos de Rial siempre hab\u00edan apuntado hacia la modelo. Finalmente, el conductor de Intrusos revel\u00f3 la identidad de la fuente.<\/p>\n<p>&nbsp;<\/p>\n<p><iframe loading=\"lazy\" src=\"https:\/\/www.youtube.com\/embed\/nX6oCuLZkJ0\" width=\"560\" height=\"315\" frameborder=\"0\" allowfullscreen=\"allowfullscreen\"><\/iframe><\/p>\n","protected":false},"excerpt":{"rendered":"<p>El conductor de Intrusos cont\u00f3 que las grabaciones le hab\u00edan llegado a su hija a trav\u00e9s de Facebook. Los escandalosos audios de la pelea de Pampita y Benjam\u00edn Vicu\u00f1a en la intimidad de su casa fueron tema nacional. Diez meses atr\u00e1s, Jorge Rial hizo p\u00fablica las grabaciones en las que la modelo acusaba a su [&hellip;]<\/p>\n","protected":false},"author":1,"featured_media":45329,"comment_status":"closed","ping_status":"closed","sticky":false,"template":"","format":"standard","meta":{"_seopress_robots_primary_cat":"","_seopress_titles_title":"","_seopress_titles_desc":"","_seopress_robots_index":"","footnotes":""},"categories":[2],"tags":[30733,25507,30734],"class_list":{"0":"post-45328","1":"post","2":"type-post","3":"status-publish","4":"format-standard","5":"has-post-thumbnail","7":"category-tv","8":"tag-audios-de-la-pelea-de-pampita-y-vicuna","9":"tag-pampita-y-benjamin-vicuna","10":"tag-pelea-de-pampita-y-benjamin-vicuna"},"_links":{"self":[{"href":"https:\/\/www.cordobatimes.com\/showup\/wp-json\/wp\/v2\/posts\/45328","targetHints":{"allow":["GET"]}}],"collection":[{"href":"https:\/\/www.cordobatimes.com\/showup\/wp-json\/wp\/v2\/posts"}],"about":[{"href":"https:\/\/www.cordobatimes.com\/showup\/wp-json\/wp\/v2\/types\/post"}],"author":[{"embeddable":true,"href":"https:\/\/www.cordobatimes.com\/showup\/wp-json\/wp\/v2\/users\/1"}],"replies":[{"embeddable":true,"href":"https:\/\/www.cordobatimes.com\/showup\/wp-json\/wp\/v2\/comments?post=45328"}],"version-history":[{"count":0,"href":"https:\/\/www.cordobatimes.com\/showup\/wp-json\/wp\/v2\/posts\/45328\/revisions"}],"wp:featuredmedia":[{"embeddable":true,"href":"https:\/\/www.cordobatimes.com\/showup\/wp-json\/wp\/v2\/media\/45329"}],"wp:attachment":[{"href":"https:\/\/www.cordobatimes.com\/showup\/wp-json\/wp\/v2\/media?parent=45328"}],"wp:term":[{"taxonomy":"category","embeddable":true,"href":"https:\/\/www.cordobatimes.com\/showup\/wp-json\/wp\/v2\/categories?post=45328"},{"taxonomy":"post_tag","embeddable":true,"href":"https:\/\/www.cordobatimes.com\/showup\/wp-json\/wp\/v2\/tags?post=45328"}],"curies":[{"name":"wp","href":"https:\/\/api.w.org\/{rel}","templated":true}]}}