{"id":45117,"date":"2016-07-13T18:54:42","date_gmt":"2016-07-13T21:54:42","guid":{"rendered":"http:\/\/cordobatimes.com\/showup\/?p=45117"},"modified":"2020-04-10T09:51:24","modified_gmt":"2020-04-10T12:51:24","slug":"lluvia-de-noviembre-para-los-argentinos-guns-n-roses-vuelve-a-river","status":"publish","type":"post","link":"https:\/\/www.cordobatimes.com\/showup\/agenda\/2016\/07\/13\/lluvia-de-noviembre-para-los-argentinos-guns-n-roses-vuelve-a-river\/","title":{"rendered":"LLuvia de Noviembre para los argentinos: Guns N&#8217; Roses vuelve a River"},"content":{"rendered":"<h3><strong>La banda de rock estadounidense confirm\u00f3 una nueva gira latinoamericana que la traer\u00e1 de regreso al pa\u00eds. Actuar\u00e1n el pr\u00f3ximo 4 de noviembre en el estadio de River Plate, seg\u00fan anunciaron en su p\u00e1gina oficial.<\/strong><\/h3>\n<p>Se tratar\u00e1 de la quinta presentaci\u00f3n en el pa\u00eds de la legendaria formaci\u00f3n, que este a\u00f1o regres\u00f3 a los escenarios con su principal tandem conformado por el cantante Axl Rose y el guitarrista Slash, adem\u00e1s del bajista Duff McKagan.<\/p>\n<p>En este sentido, el grupo hab\u00eda visitado el pa\u00eds en su momento de mayor furor, en 1992 y 1993, ocasi\u00f3n en la que actu\u00f3 por \u00faltima vez con su formaci\u00f3n hist\u00f3rica en publicitados, pol\u00e9micos y memorables shows; y regres\u00f3 en 2010 y 2014, aunque s\u00f3lo con Axl Rose como miembro original en su formaci\u00f3n.<\/p>\n<p>Por su parte, el hist\u00f3rico baterista Steve Adler se sum\u00f3 al grupo en un show realizado hace pocos d\u00edas en Cincinnati, aunque no se sabe a ciencia cierta si continuar\u00e1 siendo parte del tour o se trat\u00f3 s\u00f3lo de una participaci\u00f3n especial.<\/p>\n<p>La gira latinoamericana incluir\u00e1 presentaciones en el Estadio Monumental de Lima, Per\u00fa, el 27 de octubre; dos d\u00edas m\u00e1s tarde ser\u00e1 el turno del Estadio Nacional de Chile; en diferentes ciudades brasile\u00f1as entre el 8 y el 20 de noviembre; en el Estadio Anastasio Girardot de Medell\u00edn, Colombia, el 23 de noviembre; y cerrar\u00e1 tres d\u00edas despu\u00e9s en el Estadio Nacional de San Jos\u00e9 de Costa Rica.<\/p>\n<p>De esta manera, lo que empez\u00f3 como una reuni\u00f3n para el Festival de Coachella, en abril pasado, y continu\u00f3 con un tour estadounidense, ampl\u00eda su perspectiva con esta presencia en Am\u00e9rica Latina.<\/p>\n<p><strong>Les dejamos un cl\u00e1sico de los a\u00f1os 90 para que disfruten:<\/strong><\/p>\n<p><strong><iframe loading=\"lazy\" src=\"https:\/\/www.youtube.com\/embed\/9XywrKpFuz8\" width=\"560\" height=\"315\" frameborder=\"0\" allowfullscreen=\"allowfullscreen\"><\/iframe><\/strong><\/p>\n","protected":false},"excerpt":{"rendered":"<p>La banda de rock estadounidense confirm\u00f3 una nueva gira latinoamericana que la traer\u00e1 de regreso al pa\u00eds. Actuar\u00e1n el pr\u00f3ximo 4 de noviembre en el estadio de River Plate, seg\u00fan anunciaron en su p\u00e1gina oficial. Se tratar\u00e1 de la quinta presentaci\u00f3n en el pa\u00eds de la legendaria formaci\u00f3n, que este a\u00f1o regres\u00f3 a los escenarios [&hellip;]<\/p>\n","protected":false},"author":1,"featured_media":8035,"comment_status":"closed","ping_status":"closed","sticky":false,"template":"","format":"standard","meta":{"_seopress_robots_primary_cat":"","_seopress_titles_title":"","_seopress_titles_desc":"","_seopress_robots_index":"","footnotes":""},"categories":[6],"tags":[30699,15743],"class_list":{"0":"post-45117","1":"post","2":"type-post","3":"status-publish","4":"format-standard","5":"has-post-thumbnail","7":"category-agenda","8":"tag-guns-n-roses-en-argentina","9":"tag-guns-n-roses-vuelve-a-la-argentina"},"_links":{"self":[{"href":"https:\/\/www.cordobatimes.com\/showup\/wp-json\/wp\/v2\/posts\/45117","targetHints":{"allow":["GET"]}}],"collection":[{"href":"https:\/\/www.cordobatimes.com\/showup\/wp-json\/wp\/v2\/posts"}],"about":[{"href":"https:\/\/www.cordobatimes.com\/showup\/wp-json\/wp\/v2\/types\/post"}],"author":[{"embeddable":true,"href":"https:\/\/www.cordobatimes.com\/showup\/wp-json\/wp\/v2\/users\/1"}],"replies":[{"embeddable":true,"href":"https:\/\/www.cordobatimes.com\/showup\/wp-json\/wp\/v2\/comments?post=45117"}],"version-history":[{"count":0,"href":"https:\/\/www.cordobatimes.com\/showup\/wp-json\/wp\/v2\/posts\/45117\/revisions"}],"wp:featuredmedia":[{"embeddable":true,"href":"https:\/\/www.cordobatimes.com\/showup\/wp-json\/wp\/v2\/media\/8035"}],"wp:attachment":[{"href":"https:\/\/www.cordobatimes.com\/showup\/wp-json\/wp\/v2\/media?parent=45117"}],"wp:term":[{"taxonomy":"category","embeddable":true,"href":"https:\/\/www.cordobatimes.com\/showup\/wp-json\/wp\/v2\/categories?post=45117"},{"taxonomy":"post_tag","embeddable":true,"href":"https:\/\/www.cordobatimes.com\/showup\/wp-json\/wp\/v2\/tags?post=45117"}],"curies":[{"name":"wp","href":"https:\/\/api.w.org\/{rel}","templated":true}]}}