{"id":44725,"date":"2016-03-16T18:53:48","date_gmt":"2016-03-16T21:53:48","guid":{"rendered":"http:\/\/cordobatimes.com\/showup\/?p=44725"},"modified":"2020-04-09T19:35:09","modified_gmt":"2020-04-09T22:35:09","slug":"camila-rajchman-la-cantante-de-rombai-se-abre-de-la-banda","status":"publish","type":"post","link":"https:\/\/www.cordobatimes.com\/showup\/musica\/2016\/03\/16\/camila-rajchman-la-cantante-de-rombai-se-abre-de-la-banda\/","title":{"rendered":"Camila Rajchman, la cantante de Rombai, se abre de la banda"},"content":{"rendered":"<h3><strong>La joven voz\u00a0del grupo uruguayo de cumbia pop\u00a0anunci\u00f3 que deja la banda para sumarse a un proyecto que \u00abla identifique m\u00e1s\u00bb.<\/strong><\/h3>\n<p style=\"text-align: left;\">D\u00edas de l\u00e1grimas para los fans de la cumbia pop: <strong>Camila Rajchman<\/strong>, cantante de la banda uruguaya Rombai, anunci\u00f3 su alejamiento del muy popular grupo charr\u00faa&#8230;<\/p>\n<p style=\"text-align: left;\"><strong>\u00abSiempre supe que este momento iba a llegar, no me imagin\u00e9 que iba a terminar tan r\u00e1pido ni que me fuera a doler tanto&#8230; Es tiempo de dar un paso al costado\u00bb<\/strong>, anunci\u00f3,\u00a0<strong>entre l\u00e1grimas,<\/strong> en las redes sociales.<\/p>\n<p><iframe loading=\"lazy\" src=\"https:\/\/www.youtube.com\/embed\/-iNHBDvHgkM\" width=\"560\" height=\"315\" frameborder=\"0\" allowfullscreen=\"allowfullscreen\"><\/iframe><br \/>\nLa banda, que se form\u00f3 en 2014 entre estudiantes de Comunicaci\u00f3n en la universidad ORT de Montevideo,\u00a0\u00a0y tiene editado el \u00e1lbum \u00abDe fiesta\u00bb,\u00a0\u00a0tiene programado dos\u00a0recitales en el Luna Park el viernes 29 y s\u00e1bado 30 de abril\u00a0junto a <strong>Marama<\/strong>, y lo que pintaba para ser una gran fiesta al ritmo de la cumbia-pop, ahora estar\u00e1 marcado, seguramente, por la tristeza de la despedida&#8230;<\/p>\n<div class=\"wrapperYoutube\"><iframe loading=\"lazy\" src=\"https:\/\/www.youtube.com\/embed\/4w5VdCJGRcM\" width=\"480\" height=\"360\" frameborder=\"0\"><\/iframe><\/div>\n<p>A la hora de explicar los motivos de su partida, Camila, una de las dos mujeres del grupo (la otra es Nathalie Rubinstein que toca el\u00a0g\u00fciro)\u00a0dijo que va en busca de un proyecto que\u00a0\u00abla identifique m\u00e1s\u00bb.<\/p>\n<p>A la vez, cabe recordar que este alejamiento no es el primero que sufre el grupo. El a\u00f1o pasado ya se hab\u00edan ido el baterista Tom\u00e1s Narbondo\u00a0y el guitarrista\u00a0Felipe S\u00e1nchez.<\/p>\n<p>Mas tarde Fer V\u00e1zquez tuite\u00f3 un contundente \u00abduele saber que para ti no fue tan importante\u00bb cuatro horas antes de que la banda haga p\u00fablica la renuncia de la joven.<\/p>\n<blockquote class=\"twitter-tweet\" data-lang=\"es\">\n<p dir=\"ltr\" lang=\"es\">Duele saber que para ti no fue tan importante.<\/p>\n<p>\u2014 Fer Vazquez (@yFervazquez) <a href=\"https:\/\/twitter.com\/yFervazquez\/status\/709822179232374784\">15 de marzo de 2016<\/a><\/p><\/blockquote>\n<p><script src=\"\/\/platform.twitter.com\/widgets.js\" async=\"\" charset=\"utf-8\"><\/script><\/p>\n","protected":false},"excerpt":{"rendered":"<p>La joven voz\u00a0del grupo uruguayo de cumbia pop\u00a0anunci\u00f3 que deja la banda para sumarse a un proyecto que \u00abla identifique m\u00e1s\u00bb. D\u00edas de l\u00e1grimas para los fans de la cumbia pop: Camila Rajchman, cantante de la banda uruguaya Rombai, anunci\u00f3 su alejamiento del muy popular grupo charr\u00faa&#8230; \u00abSiempre supe que este momento iba a llegar, [&hellip;]<\/p>\n","protected":false},"author":1,"featured_media":44726,"comment_status":"closed","ping_status":"closed","sticky":false,"template":"","format":"video","meta":{"_seopress_robots_primary_cat":"","_seopress_titles_title":"","_seopress_titles_desc":"","_seopress_robots_index":"","footnotes":""},"categories":[5],"tags":[30678],"class_list":{"0":"post-44725","1":"post","2":"type-post","3":"status-publish","4":"format-video","5":"has-post-thumbnail","7":"category-musica","8":"tag-camila-rajchman-rombai","9":"post_format-post-format-video"},"_links":{"self":[{"href":"https:\/\/www.cordobatimes.com\/showup\/wp-json\/wp\/v2\/posts\/44725","targetHints":{"allow":["GET"]}}],"collection":[{"href":"https:\/\/www.cordobatimes.com\/showup\/wp-json\/wp\/v2\/posts"}],"about":[{"href":"https:\/\/www.cordobatimes.com\/showup\/wp-json\/wp\/v2\/types\/post"}],"author":[{"embeddable":true,"href":"https:\/\/www.cordobatimes.com\/showup\/wp-json\/wp\/v2\/users\/1"}],"replies":[{"embeddable":true,"href":"https:\/\/www.cordobatimes.com\/showup\/wp-json\/wp\/v2\/comments?post=44725"}],"version-history":[{"count":0,"href":"https:\/\/www.cordobatimes.com\/showup\/wp-json\/wp\/v2\/posts\/44725\/revisions"}],"wp:featuredmedia":[{"embeddable":true,"href":"https:\/\/www.cordobatimes.com\/showup\/wp-json\/wp\/v2\/media\/44726"}],"wp:attachment":[{"href":"https:\/\/www.cordobatimes.com\/showup\/wp-json\/wp\/v2\/media?parent=44725"}],"wp:term":[{"taxonomy":"category","embeddable":true,"href":"https:\/\/www.cordobatimes.com\/showup\/wp-json\/wp\/v2\/categories?post=44725"},{"taxonomy":"post_tag","embeddable":true,"href":"https:\/\/www.cordobatimes.com\/showup\/wp-json\/wp\/v2\/tags?post=44725"}],"curies":[{"name":"wp","href":"https:\/\/api.w.org\/{rel}","templated":true}]}}