{"id":4436,"date":"2013-12-04T14:54:29","date_gmt":"2013-12-04T17:54:29","guid":{"rendered":"http:\/\/cordobatimes.com\/showup\/?p=4436"},"modified":"2019-12-04T08:56:24","modified_gmt":"2019-12-04T11:56:24","slug":"famosos-indignados-se-hacen-eco-de-los-reclamos-de-cordoba","status":"publish","type":"post","link":"https:\/\/www.cordobatimes.com\/showup\/famosos\/2013\/12\/04\/famosos-indignados-se-hacen-eco-de-los-reclamos-de-cordoba\/","title":{"rendered":"Famosos indignados se hacen eco de los reclamos de C\u00f3rdoba"},"content":{"rendered":"<h3 style=\"text-align: justify;\"><strong>El clima de tensi\u00f3n en la ciudad Capital es constante. Toda la ayuda de difusi\u00f3n que se le da al conflicto es agradecida por la gente, que se manifiesta constantemente en las redes sociales. Muchos famosos twittean indignados por lo que est\u00e1 sucediendo desde la tarde del martes.<\/strong><\/h3>\n<p style=\"text-align: justify;\">Poco a poco, el accionar policial vuelve a su cause normal. Miles de personas se han transformado en corresponsales minuto a minuto en las redes sociales. Los famosos no est\u00e1n exentos a estos reclamos, se hacen eco y opinan sobre lo que esta sucediendo en la ciudad desde la jornada de ayer.<\/p>\n<p style=\"text-align: justify;\">Los ataques y la violencia, sumado a la necesidad de los vecinos por defenderse de la ola delictiva, ha causado conmoci\u00f3n y solidaridad en la far\u00e1ndula argentina.<\/p>\n<p style=\"text-align: justify;\">C\u00f3rdoba \u00abtierra de nadie\u00bb, ha generado que todas las miradas del pa\u00eds, menos de las autoridades correspondientes, se ubiquen en los acontecimientos sucedidos, esperando que ya que se ha logrado el acuerdo, la paz y el orden se restablezcan.<\/p>\n<p>Ante esta desesperante situaci\u00f3n, los famosos reaccionaron y compartieron su enojo y apoyo a trav\u00e9s de Twitter:<\/p>\n<blockquote><p>Marcelo Tinelli (@cuervotinelli): \u00abQue tremendo lo de C\u00f3rdoba!! Alguien que haga algo por favoooor!\u00bb.<\/p>\n<p>Coki Ramirez (@cokiramirez): \u00abNunca imagine tener que estar encerrada en mi casa llamando a mi familia p saber si estan bien #a\u00f1o2013 #muchomiedo\u00bb \u00abPor Dios que paren los tiros. Es horrible escuchar eso!\u00bb.<\/p>\n<p>Connie Ansaldi (@connieansaldi): \u00abMi solidaridad con los cordobeses. Q desastre&#8230;.ojala pudiera hacer algo. Por lo menos ahora se informaron varios. Ojala se resuelva pronto\u00bb.<\/p>\n<p>Pablo Layus (@PabloLayus): \u00abLeo cada cosa que est\u00e1 pasando en C\u00f3rdoba. Tengan cuidado. Lo mejor es quedarse en su casa. Piden el estado de sitio\u00bb.<\/p>\n<p>Jose Maria Muscari (@muscarijoseok): \u00abRepudio los saqueos, la violencia y el caos generalizado en cordoba. #paz\u00bb<\/p>\n<p>Flavio Mendoza (@flaviomendoza): \u00abSeguridad para todos en cordoba y todo nuestro pais donde estan los politicos cuando se necesitan\u00bb.<\/p>\n<p>Pablo Serantoni (@PABLOSERANTONI): \u00abAl final de la historia somos argentinos contra argentinos !!! #PazparaCordoba ya!\u00bb.<\/p>\n<p>Celina Rucci (@celinarucci): \u00abQue terrible lo q nos est\u00e1 pasando!!! ellos tienen el.poder y lo van a perder&#8230;\u00bb<\/p>\n<p>Eugenia Tobal (@eugtobaloficial): \u00abIndignaci\u00f3n, impotencia, tristeza&#8230; A los pol\u00edticos muevan el culo, hagan algo, la puta madre que los pari\u00f3!!!!!!!! #FuerzaCordoba\u00bb.<\/p>\n<p>Vanesa Carbone (@Vanecarboneok): \u00abPense q diciembre iba a ser mejor, veo q no podemos llegar a la fiestas en paz como nos merecemos todos. Q pena me da\u00bb.<\/p>\n<p>Jorge Moliniers Real @MoliniersReal: \u00abQue dios se apiade de C\u00f3rdoba y la buena gente que a\u00fan existe ah\u00ed por que? Por qu\u00e9\u00bb.<\/p>\n<p>Lourdes S\u00e1nchez (@lourdesanchezok): \u00abDios que terrible ver lo q eta sucediendo en Cordoba.. Muy triste volver a vivir esto..\u00bb.<\/p>\n<p>Mariano Iudica (@iudica): \u00abUN LOCAL DE MOTOS???? Un local de Computacion???? Eso no son saqueos por hambre son CHORROS!!\u00bb.<\/p><\/blockquote>\n","protected":false},"excerpt":{"rendered":"<p>El clima de tensi\u00f3n en la ciudad Capital es constante. Toda la ayuda de difusi\u00f3n que se le da al conflicto es agradecida por la gente, que se manifiesta constantemente en las redes sociales. Muchos famosos twittean indignados por lo que est\u00e1 sucediendo desde la tarde del martes. Poco a poco, el accionar policial vuelve [&hellip;]<\/p>\n","protected":false},"author":8,"featured_media":4441,"comment_status":"closed","ping_status":"closed","sticky":false,"template":"","format":"standard","meta":{"_seopress_robots_primary_cat":"","_seopress_titles_title":"","_seopress_titles_desc":"","_seopress_robots_index":"","footnotes":""},"categories":[4],"tags":[26606,26607,24929],"class_list":{"0":"post-4436","1":"post","2":"type-post","3":"status-publish","4":"format-standard","5":"has-post-thumbnail","7":"category-famosos","8":"tag-ataques-de-violencia-en-cordoba","9":"tag-reclamos-de-cordoba","10":"tag-saqueos-en-cordoba"},"_links":{"self":[{"href":"https:\/\/www.cordobatimes.com\/showup\/wp-json\/wp\/v2\/posts\/4436","targetHints":{"allow":["GET"]}}],"collection":[{"href":"https:\/\/www.cordobatimes.com\/showup\/wp-json\/wp\/v2\/posts"}],"about":[{"href":"https:\/\/www.cordobatimes.com\/showup\/wp-json\/wp\/v2\/types\/post"}],"author":[{"embeddable":true,"href":"https:\/\/www.cordobatimes.com\/showup\/wp-json\/wp\/v2\/users\/8"}],"replies":[{"embeddable":true,"href":"https:\/\/www.cordobatimes.com\/showup\/wp-json\/wp\/v2\/comments?post=4436"}],"version-history":[{"count":0,"href":"https:\/\/www.cordobatimes.com\/showup\/wp-json\/wp\/v2\/posts\/4436\/revisions"}],"wp:featuredmedia":[{"embeddable":true,"href":"https:\/\/www.cordobatimes.com\/showup\/wp-json\/wp\/v2\/media\/4441"}],"wp:attachment":[{"href":"https:\/\/www.cordobatimes.com\/showup\/wp-json\/wp\/v2\/media?parent=4436"}],"wp:term":[{"taxonomy":"category","embeddable":true,"href":"https:\/\/www.cordobatimes.com\/showup\/wp-json\/wp\/v2\/categories?post=4436"},{"taxonomy":"post_tag","embeddable":true,"href":"https:\/\/www.cordobatimes.com\/showup\/wp-json\/wp\/v2\/tags?post=4436"}],"curies":[{"name":"wp","href":"https:\/\/api.w.org\/{rel}","templated":true}]}}