{"id":4334,"date":"2013-12-03T12:18:51","date_gmt":"2013-12-03T15:18:51","guid":{"rendered":"http:\/\/cordobatimes.com\/showup\/?p=4334"},"modified":"2020-01-12T13:49:32","modified_gmt":"2020-01-12T16:49:32","slug":"premios-tato-todo-el-lujo-y-las-figuras-en-una-noche-de-ganadores","status":"publish","type":"post","link":"https:\/\/www.cordobatimes.com\/showup\/tv\/2013\/12\/03\/premios-tato-todo-el-lujo-y-las-figuras-en-una-noche-de-ganadores\/","title":{"rendered":"Premios Tato: todo el lujo y las figuras en una noche de ganadores"},"content":{"rendered":"<h3 style=\"text-align: justify;\"><strong>El gran teatro Col\u00f3n se visti\u00f3 una vez m\u00e1s de fiesta para celebrar una nueva entrega de los Tato del espect\u00e1culo. Mir\u00e1 la lista completa de ganadores en esta nota.\u00a0<\/strong><\/h3>\n<p style=\"text-align: justify;\">Todas las figuras de la televisi\u00f3n Argentina se reunieron la noche del lunes en el Col\u00f3n para recibir la importante estatuilla. Nadie quiso perderse esta celebraci\u00f3n, desde el elenco completo de \u00abLos amigos de siempre\u00bb la nueva tira del Trece, que asistieron como espectadores, hasta la exclusiva presencia de Michael Bubl\u00e9 y Luisana Lopilato, dieron presente.<\/p>\n<p style=\"text-align: justify;\">Jorge Lanata y su periodismo para todos con cinco estatuillas, fue el gran ganador de la noche. No se resisti\u00f3 a generar controversia con su discurso al mejor estilo Mart\u00edn Fierro, e incluso luego de recibir el galard\u00f3n al Mejor Programa del A\u00f1o reconocido por la industria, cont\u00f3 una an\u00e9cdota:\u00a0<em>\u00abCuando dirig\u00eda P\u00e1gina 12, mi secretaria Adriana me dice que estaba en el tel\u00e9fono Tato Bores. Yo hab\u00eda estado dos semanas antes en Espa\u00f1a y hab\u00eda escrito una contratapa cuyo final remataba con un chiste. Me llama para pedirme permiso para usar el chiste de la contratapa&#8230; Yo no pod\u00eda creer que me hubiera llamado Gardel, fue una lecci\u00f3n de grandeza\u00bb.<\/em><\/p>\n<p>Mir\u00e1 la lista completa de ganadores:<\/p>\n<p><strong>PROGRAMA DEL A\u00d1O:<\/strong> Periodismo para todos (El Trece)<\/p>\n<div><strong>FICCI\u00d3N DIARIA COMEDIA TELENOVELA:<\/strong> Solamente vos (El Trece)<\/div>\n<div><\/div>\n<div><strong>FICCI\u00d3N DIARIA DRAMA:<\/strong> Farsantes (El Trece)<\/div>\n<div><\/div>\n<div><strong>CONDUCCI\u00d3N FEMENINA:<\/strong> Ver\u00f3nica Lozano \/ AM (Telefe)<\/div>\n<div><\/div>\n<div><strong>FICCI\u00d3N UNITARIO:<\/strong> Tiempos compulsivos (El Trece)<\/div>\n<div><\/div>\n<div><strong>ACTOR EN TELECOMEDIA NOVELA:<\/strong> Adri\u00e1n Suar \/ Solamente vos (El Trece)<\/div>\n<div><\/div>\n<div><strong>NOTICIERO EN TELEVISI\u00d3N:<\/strong> Diario de medianoche (Telefe)<\/div>\n<div><\/div>\n<div><strong>ACTRIZ DE TELECOMEDIA NOVELA:<\/strong>\u00a0\u00a0Natalia Oreiro \/ Solamente vos (El Trece)<\/div>\n<div><\/div>\n<div><strong>ACTOR PROTAG\u00d3NICO EN DRAMA<\/strong>: Julio Ch\u00e1vez \/ Farsantes (El Trece)<\/div>\n<div><\/div>\n<div><strong>PROGRAMA PERIOD\u00cdSTICO:<\/strong> Periodismo para todos (El Trece)<\/div>\n<div><\/div>\n<div><strong>CONDUCCI\u00d3N MASCULINA:<\/strong> Santiago del Moro (Am\u00e9rica)<\/div>\n<div><\/div>\n<div><strong>ACTRIZ PROTAG\u00d3NICA EN DRAMA:<\/strong>\u00a0\u00a0Norma Aleandro (TV P\u00fablica)<\/div>\n<div><\/div>\n<div><strong>PRODUCCI\u00d3N EN FICCI\u00d3N:<\/strong> Adrian Suar y Diego Andrasnik \/ Farsantes (El Trece)<\/div>\n<div><\/div>\n<div><strong>LABOR PERIOD\u00cdSTICA:<\/strong> Reynaldo Sietecase (Telefe)<\/div>\n<div><\/div>\n<div><strong>ACTOR DE REPARTO:<\/strong> Juan Minuj\u00edn (El Trece)<\/div>\n<div><\/div>\n<div><strong>DIRECCI\u00d3N EN FICCI\u00d3N:<\/strong> Daniel Barone y Lucas Gil\/ Farsantes (El Trece)<\/div>\n<div><\/div>\n<div><strong>CONDUCCI\u00d3N DE NOTICIERO:<\/strong> Germ\u00e1n Paoloski (Telefe)<\/div>\n<div><\/div>\n<div><strong>PROGRAMA DE ESPECT\u00c1CULOS:<\/strong> Bendita (Canal 9)<\/div>\n<div><\/div>\n<div><strong>PRODUCCI\u00d3N NO FICCI\u00d3N:<\/strong> Periodismo para todos (El Trece)<\/div>\n<div><\/div>\n<div><strong>MAGAZINE:<\/strong> AM (Telefe)<\/div>\n<div><\/div>\n<div><strong>DIRECCI\u00d3N EN NO FICCI\u00d3N:<\/strong> Periodismo para todos \/ Luis Barros (El Trece)<\/div>\n<div><\/div>\n<div><strong>ACTUACI\u00d3N EN CAP\u00cdTULO \u00daNICO:<\/strong> Carlos Belloso (El Trece)<\/div>\n<div><\/div>\n<div><strong>CONDUCCI\u00d3N PERIOD\u00cdSTICA:<\/strong> Jorge Lanata (El Trece)<\/div>\n<div><\/div>\n<div><strong>PROGRAMA DE ENTRETENIMIENTOS:<\/strong> A todo o nada (El Trece)<\/div>\n<div><\/div>\n<div><strong>PANELISTA:<\/strong> Coco Sily (Am\u00e9rica)<\/div>\n<div><strong>\u00a0<\/strong><\/div>\n<div><strong>GUI\u00d3N EN FICCI\u00d3N:<\/strong> Esther Feldman, Alejandro Maci \/ En Terapia (TV P\u00fablica)<\/div>\n<div><\/div>\n<div><strong>ACTRIZ DE REPARTO:<\/strong> Muriel Santa Ana (El Trece)<\/div>\n<div><\/div>\n<div><strong>LABOR C\u00d3MICA:<\/strong> Diego Capusotto (TV P\u00fablica)<\/div>\n<div><\/div>\n<div><strong>PROGRAMA DE SERVICIOS:<\/strong> Cocineros Argentinos (TV P\u00fablica)<\/div>\n<div><\/div>\n<div><strong>PROGRAMA DE INTER\u00c9S GENERAL:<\/strong> Gracias por venir, gracias por estar (Telefe)<\/div>\n<div><\/div>\n<div><strong>PROGRAMA DE HUMOR:<\/strong> Peligro Sin Codificar (Telefe)<\/div>\n<div><\/div>\n<div><strong>BIG SHOW:<\/strong> Tu cara me suena (Telefe)<\/div>\n<div><\/div>\n<div><strong>PROGRAMA DEPORTIVO:<\/strong> Show del F\u00fatbol (Am\u00e9rica)<\/div>\n<div><\/div>\n<div><strong>PROGRAMA CULTURAL:<\/strong> Resto del Mundo (El Trece)<\/div>\n<div><\/div>\n<div><strong>REVELACI\u00d3N:<\/strong> Pichu Straneo (Telefe)<\/div>\n<div><\/div>\n<div><strong>PROGRAMA INFANTIL:<\/strong> Paka Paka (TV P\u00fablica)<\/div>\n<div><\/div>\n<div><strong>DIRECCI\u00d3N DE ARTE EN FICCI\u00d3N<\/strong> Tete Mendoza &#8211; Tom\u00e1s Garrahan &#8211; En terapia (TV P\u00fablica)<\/div>\n<div><\/div>\n<div><strong>PROGRAMA PERIOD\u00cdSTICO (CABLE):<\/strong> Palabras m\u00e1s palabras menos (TN)<\/div>\n<div><\/div>\n<div><strong>EDICI\u00d3N EN FICCI\u00d3N:<\/strong> Alejandro Parysow &#8211; Alejandro Alem &#8211; Farsantes (El Trece)<\/div>\n<div><\/div>\n<div><strong>CORTINA MUSICAL:<\/strong> Puro Teatro- Vicentico\/ Farsantes (El Trece)<\/div>\n<div><\/div>\n<div><strong>DIRECCI\u00d3N DE FOTOGRAF\u00cdA EN FICCI\u00d3N:<\/strong> Pablo Rocco &#8211; Guillermo Zappino (Farsantes &#8211; El Trece)<\/div>\n<div><\/div>\n<div><strong>CASTING EN FICCI\u00d3N:<\/strong> Paola Lusardi &#8211; Ileana Ripell &#8211; Farsantes (El Trece)<\/div>\n<div><\/div>\n<div><strong>ILUMINACI\u00d3N EN NO FICCI\u00d3N:<\/strong> Susana Gim\u00e9nez (Telefe)<\/div>\n<div><\/div>\n<div><strong>VESTUARIO EN FICCI\u00d3N:<\/strong> Solamente vos (El Trece)<\/div>\n<div><\/div>\n<div><strong>CONDUCCION FEMENINA (CABLE):<\/strong> Narda Lepes (Util\u00edsima)<\/div>\n<div><\/div>\n<div><strong>EDICI\u00d3N NO FICCI\u00d3N:<\/strong> TVR (Canal 9)<\/div>\n<div><\/div>\n<div><strong>PROGRAMA DE INTER\u00c9S GENERAL (CABLE):<\/strong> Encuentro en el estudio (Encuentro)<\/div>\n<div><\/div>\n<div><strong>CONDUCCI\u00d3N MASCULINA (CABLE)<\/strong>: Lalo Mir (Encuentro)<\/div>\n<div><\/div>\n<div><strong>PROGRAMA DEPORTIVO (CABLE):<\/strong> Pura Qu\u00edmica (ESPN)<\/div>\n<div><\/div>\n<div><strong>ESCENOGRAF\u00cdA EN NO FICCI\u00d3N:<\/strong> Tu cara me suena (Telefe)<\/div>\n<p>&nbsp;<\/p>\n","protected":false},"excerpt":{"rendered":"<p>El gran teatro Col\u00f3n se visti\u00f3 una vez m\u00e1s de fiesta para celebrar una nueva entrega de los Tato del espect\u00e1culo. Mir\u00e1 la lista completa de ganadores en esta nota.\u00a0 Todas las figuras de la televisi\u00f3n Argentina se reunieron la noche del lunes en el Col\u00f3n para recibir la importante estatuilla. Nadie quiso perderse esta [&hellip;]<\/p>\n","protected":false},"author":8,"featured_media":4335,"comment_status":"closed","ping_status":"closed","sticky":false,"template":"","format":"standard","meta":{"_seopress_robots_primary_cat":"","_seopress_titles_title":"","_seopress_titles_desc":"","_seopress_robots_index":"","footnotes":""},"categories":[2],"tags":[848],"class_list":{"0":"post-4334","1":"post","2":"type-post","3":"status-publish","4":"format-standard","5":"has-post-thumbnail","7":"category-tv","8":"tag-premios-tato-2013"},"_links":{"self":[{"href":"https:\/\/www.cordobatimes.com\/showup\/wp-json\/wp\/v2\/posts\/4334","targetHints":{"allow":["GET"]}}],"collection":[{"href":"https:\/\/www.cordobatimes.com\/showup\/wp-json\/wp\/v2\/posts"}],"about":[{"href":"https:\/\/www.cordobatimes.com\/showup\/wp-json\/wp\/v2\/types\/post"}],"author":[{"embeddable":true,"href":"https:\/\/www.cordobatimes.com\/showup\/wp-json\/wp\/v2\/users\/8"}],"replies":[{"embeddable":true,"href":"https:\/\/www.cordobatimes.com\/showup\/wp-json\/wp\/v2\/comments?post=4334"}],"version-history":[{"count":0,"href":"https:\/\/www.cordobatimes.com\/showup\/wp-json\/wp\/v2\/posts\/4334\/revisions"}],"wp:featuredmedia":[{"embeddable":true,"href":"https:\/\/www.cordobatimes.com\/showup\/wp-json\/wp\/v2\/media\/4335"}],"wp:attachment":[{"href":"https:\/\/www.cordobatimes.com\/showup\/wp-json\/wp\/v2\/media?parent=4334"}],"wp:term":[{"taxonomy":"category","embeddable":true,"href":"https:\/\/www.cordobatimes.com\/showup\/wp-json\/wp\/v2\/categories?post=4334"},{"taxonomy":"post_tag","embeddable":true,"href":"https:\/\/www.cordobatimes.com\/showup\/wp-json\/wp\/v2\/tags?post=4334"}],"curies":[{"name":"wp","href":"https:\/\/api.w.org\/{rel}","templated":true}]}}